{"id":2459,"date":"2013-09-26T08:55:35","date_gmt":"2013-09-26T06:55:35","guid":{"rendered":"https:\/\/inclusioaltemporda.cat\/portal\/?p=2459"},"modified":"2016-02-01T09:23:56","modified_gmt":"2016-02-01T08:23:56","slug":"es-posa-en-marxa-el-comite-detica-de-larea-de-benestar","status":"publish","type":"post","link":"https:\/\/inclusioaltemporda.cat\/portal\/es-posa-en-marxa-el-comite-detica-de-larea-de-benestar\/","title":{"rendered":"Es posa en marxa el Comit\u00e8 d&#8217;Etica de l&#8217;\u00e0rea de Benestar"},"content":{"rendered":"<p>&nbsp;<\/p>\n<p style=\"margin-bottom: 0cm;\">Avui dijous, 26 de setembre, es posa en maxa el treball del Comit\u00e8 d&#8217;\u00c8tica de l&#8217;\u00e0rea de Benestar del Consell Comarcal. Aquest Comit\u00e8, que reuneix un grup de professionals de l&#8217;\u00e0rea, t\u00e9 com a finalitat reflexionar sobre l&#8217;\u00e8tica aplicada a la intervenci\u00f3 social. Aquest treball es va iniciar el mes de juny passat amb unes sessions de formaci\u00f3 per als professionals.<\/p>\n<p style=\"margin-bottom: 0cm;\">El Dr.<a title=\"Joan Canimas\" href=\"http:\/\/etica.campusarnau.org\/2009\/ca\/personal\/2-canimas-brugu-joan.html\"> Joan Canimas<\/a>, fil\u00f2sof i membre de l&#8217;<a title=\"Observatori d'\u00c8tica Aplicada del Campus Arnau Escala de Girona\" href=\"http:\/\/etica.campusarnau.org\/2009\/ca\/presentacio.html\">Observatori d&#8217;\u00c8tica Aplicada del Campus Arnau Escala de Girona <\/a>\u00e9s la persona encarregada de conduir i coordinar les sessions del Comit\u00e8 d&#8217;\u00c8tica que tenen com a finalitat introduir la reflexi\u00f3 sobre les q\u00fcestions \u00e8tiques que genera la pr\u00e0ctica professional, per tal de posar en marxa processos que facilitin la implementaci\u00f3 de l&#8217;\u00e8tica aplicada als casos detectats.<\/p>\n<p style=\"margin-bottom: 0cm;\">Des del mes de setembre i fins al mes de juny de l&#8217;any que ve s&#8217;han programat diverses sessions de treball en el decurs de les quals es tractaran diversos problemes \u00e8tics identificats pels professionals en el seu treball quotidi\u00e0.<\/p>\n","protected":false},"excerpt":{"rendered":"<p>&nbsp; Avui dijous, 26 de setembre, es posa en maxa el treball del Comit\u00e8 d&#8217;\u00c8tica de l&#8217;\u00e0rea de Benestar del Consell Comarcal. Aquest Comit\u00e8, que reuneix un grup de professionals&hellip;<\/p>\n","protected":false},"author":3,"featured_media":2460,"comment_status":"closed","ping_status":"closed","sticky":false,"template":"","format":"standard","meta":{"footnotes":""},"categories":[106,100,107,101,105,104,103,108,102],"tags":[34,27,76],"class_list":["post-2459","post","type-post","status-publish","format-standard","has-post-thumbnail","hentry","category-administracions","category-area-benestar","category-centres-recerca-universitats","category-ciutadania","category-empreses","category-entitats-socials","category-estudiants-escoles-instituts","category-mitjans-comunicacio","category-professionals-ambit-social","tag-aula-professionals","tag-benestar-ccae","tag-comite-etica","category-106","category-100","category-107","category-101","category-105","category-104","category-103","category-108","category-102","description-off"],"_links":{"self":[{"href":"https:\/\/inclusioaltemporda.cat\/portal\/wp-json\/wp\/v2\/posts\/2459","targetHints":{"allow":["GET"]}}],"collection":[{"href":"https:\/\/inclusioaltemporda.cat\/portal\/wp-json\/wp\/v2\/posts"}],"about":[{"href":"https:\/\/inclusioaltemporda.cat\/portal\/wp-json\/wp\/v2\/types\/post"}],"author":[{"embeddable":true,"href":"https:\/\/inclusioaltemporda.cat\/portal\/wp-json\/wp\/v2\/users\/3"}],"replies":[{"embeddable":true,"href":"https:\/\/inclusioaltemporda.cat\/portal\/wp-json\/wp\/v2\/comments?post=2459"}],"version-history":[{"count":3,"href":"https:\/\/inclusioaltemporda.cat\/portal\/wp-json\/wp\/v2\/posts\/2459\/revisions"}],"predecessor-version":[{"id":2463,"href":"https:\/\/inclusioaltemporda.cat\/portal\/wp-json\/wp\/v2\/posts\/2459\/revisions\/2463"}],"wp:featuredmedia":[{"embeddable":true,"href":"https:\/\/inclusioaltemporda.cat\/portal\/wp-json\/wp\/v2\/media\/2460"}],"wp:attachment":[{"href":"https:\/\/inclusioaltemporda.cat\/portal\/wp-json\/wp\/v2\/media?parent=2459"}],"wp:term":[{"taxonomy":"category","embeddable":true,"href":"https:\/\/inclusioaltemporda.cat\/portal\/wp-json\/wp\/v2\/categories?post=2459"},{"taxonomy":"post_tag","embeddable":true,"href":"https:\/\/inclusioaltemporda.cat\/portal\/wp-json\/wp\/v2\/tags?post=2459"}],"curies":[{"name":"wp","href":"https:\/\/api.w.org\/{rel}","templated":true}]}}