{"id":2465,"date":"2013-09-30T13:57:44","date_gmt":"2013-09-30T11:57:44","guid":{"rendered":"https:\/\/inclusioaltemporda.cat\/portal\/?p=2465"},"modified":"2016-02-01T09:23:56","modified_gmt":"2016-02-01T08:23:56","slug":"bones-practiques-en-lambit-de-la-joventut","status":"publish","type":"post","link":"https:\/\/inclusioaltemporda.cat\/portal\/bones-practiques-en-lambit-de-la-joventut\/","title":{"rendered":"Bones pr\u00e0ctiques en l&#8217;\u00e0mbit de la joventut"},"content":{"rendered":"<p>L&#8217;<a title=\"Associaci\u00f3 Catalana de Professionals de Pol\u00edtiques de Joventut\" href=\"http:\/\/www.joventut.info\/\">Associaci\u00f3 Catalana de Professionals de Pol\u00edtiques de Joventut<\/a> ha posat en marxa un portal participatiu adre\u00e7at als professionals d&#8217;aquest \u00e0mbit en qu\u00e8 es poden consultar diversos projectes d&#8217;intervenci\u00f3 desenvolupats arreu de Catalunya.<\/p>\n<p>Les bones pr\u00e0ctiques que recull aquest recurs provenen tant de l&#8217;administraci\u00f3 p\u00fablica, com del m\u00f3n associatiu i del m\u00f3n de l&#8217;empresa.\u00a0 El portal ofereix als professionals la possibilitat d&#8217;introduir experi\u00e8ncies per compartir amb la resta del territori.<\/p>\n<p>Si teniu inter\u00e8s a con\u00e8ixer aquest recurs per a professionals, ho podeu fer mitjan\u00e7ant aquest <a title=\"enlla\u00e7\" href=\"http:\/\/www.joventut.info\/bonespractiques\/\">enlla\u00e7<\/a>.<\/p>\n","protected":false},"excerpt":{"rendered":"<p>L&#8217;Associaci\u00f3 Catalana de Professionals de Pol\u00edtiques de Joventut ha posat en marxa un portal participatiu adre\u00e7at als professionals d&#8217;aquest \u00e0mbit en qu\u00e8 es poden consultar diversos projectes d&#8217;intervenci\u00f3 desenvolupats arreu&hellip;<\/p>\n","protected":false},"author":3,"featured_media":2467,"comment_status":"closed","ping_status":"closed","sticky":false,"template":"","format":"standard","meta":{"footnotes":""},"categories":[107,101,105,104,103,108,102],"tags":[34,65],"class_list":["post-2465","post","type-post","status-publish","format-standard","has-post-thumbnail","hentry","category-centres-recerca-universitats","category-ciutadania","category-empreses","category-entitats-socials","category-estudiants-escoles-instituts","category-mitjans-comunicacio","category-professionals-ambit-social","tag-aula-professionals","tag-joves","category-107","category-101","category-105","category-104","category-103","category-108","category-102","description-off"],"_links":{"self":[{"href":"https:\/\/inclusioaltemporda.cat\/portal\/wp-json\/wp\/v2\/posts\/2465","targetHints":{"allow":["GET"]}}],"collection":[{"href":"https:\/\/inclusioaltemporda.cat\/portal\/wp-json\/wp\/v2\/posts"}],"about":[{"href":"https:\/\/inclusioaltemporda.cat\/portal\/wp-json\/wp\/v2\/types\/post"}],"author":[{"embeddable":true,"href":"https:\/\/inclusioaltemporda.cat\/portal\/wp-json\/wp\/v2\/users\/3"}],"replies":[{"embeddable":true,"href":"https:\/\/inclusioaltemporda.cat\/portal\/wp-json\/wp\/v2\/comments?post=2465"}],"version-history":[{"count":3,"href":"https:\/\/inclusioaltemporda.cat\/portal\/wp-json\/wp\/v2\/posts\/2465\/revisions"}],"predecessor-version":[{"id":2469,"href":"https:\/\/inclusioaltemporda.cat\/portal\/wp-json\/wp\/v2\/posts\/2465\/revisions\/2469"}],"wp:featuredmedia":[{"embeddable":true,"href":"https:\/\/inclusioaltemporda.cat\/portal\/wp-json\/wp\/v2\/media\/2467"}],"wp:attachment":[{"href":"https:\/\/inclusioaltemporda.cat\/portal\/wp-json\/wp\/v2\/media?parent=2465"}],"wp:term":[{"taxonomy":"category","embeddable":true,"href":"https:\/\/inclusioaltemporda.cat\/portal\/wp-json\/wp\/v2\/categories?post=2465"},{"taxonomy":"post_tag","embeddable":true,"href":"https:\/\/inclusioaltemporda.cat\/portal\/wp-json\/wp\/v2\/tags?post=2465"}],"curies":[{"name":"wp","href":"https:\/\/api.w.org\/{rel}","templated":true}]}}