{"id":2470,"date":"2013-10-01T09:27:34","date_gmt":"2013-10-01T07:27:34","guid":{"rendered":"https:\/\/inclusioaltemporda.cat\/portal\/?p=2470"},"modified":"2016-02-01T09:23:55","modified_gmt":"2016-02-01T08:23:55","slug":"presentacio-publica-del-pla-per-a-la-inclusio-i-la-cohesio-social-de-lalt-emporda-2013-2016","status":"publish","type":"post","link":"https:\/\/inclusioaltemporda.cat\/portal\/presentacio-publica-del-pla-per-a-la-inclusio-i-la-cohesio-social-de-lalt-emporda-2013-2016\/","title":{"rendered":"Presentaci\u00f3 p\u00fablica del Pla per a la Inclusi\u00f3 i la Cohesi\u00f3 Social de l&#8217;Alt Empord\u00e0 2013-2016"},"content":{"rendered":"<p>Aquest mat\u00ed es presenta p\u00fablicament el Pla per a la Inclusi\u00f3 i la Cohesi\u00f3 Social de l&#8217;Alt Empord\u00e0 2013-2016 a la seu del Consell Comarcal. L&#8217;acte presidit per Xavier Sanlleh\u00ed, president del Consell Comarcal, comptar\u00e0 amb la pres\u00e8ncia del coordinador de Programes d&#8217;Inclusi\u00f3 i Cohesi\u00f3 Social del Departament de Benestar i Fam\u00edlia, Xavier Delgado, del portanveu de la Taula per a la Inclusi\u00f3 i la Cohesi\u00f3 Social, Narc\u00eds Batall\u00e9 i de la directora t\u00e8cnica de l&#8217;\u00e0rea de Benestar del Consell Comarcal, Rosa Guix\u00e9.<\/p>\n<p>El Pla per a la Inclusi\u00f3 i la Cohesi\u00f3 Social de l&#8217;Alt Empord\u00e0 2013-2016 va ser aprovat pel ple del consell comarcal el mes de juliol passat i \u00e9s l&#8217;eina de treball estrat\u00e8gica per millorar les condicions de vida de la poblaci\u00f3 de la comarca i refor\u00e7ar la cohesi\u00f3 social en els propers anys.<\/p>\n<p>Diverses \u00e0rees del Consell Comarcal, els ajuntaments de Roses, Castell\u00f3 d&#8217;Emp\u00faries, L&#8217;Escala i La Jonquera i les prop de 20 entitats que integren la Taula per a la Inclusi\u00f3 i la Cohesi\u00f3 Social han participat activament en el proc\u00e9s de treball d&#8217;elaboraci\u00f3 del Pla, posat en marxa a principis d&#8217;any.<\/p>\n<p>El Pla per a la Inclusi\u00f3 i la Cohesi\u00f3 Social de l&#8217;Alt Empord\u00e0 2013-2016 ha fixat 18 objectius estrat\u00e8gics, 40 objectius operatius i 86 accions priorit\u00e0ries que es desplegaran a la comarca en els propers 3 anys.<\/p>\n<p>El proc\u00e9s d&#8217;elaboraci\u00f3 del Pla ha estat una iniciativa promoguda en el marc del Programa per al desenvolupament de Plans Locals per a la Inclusi\u00f3 Social de l&#8217;Institut Catal\u00e0 de Serveis Socials (ICASS) del Departament de Benestar i Fam\u00edlia de la Generalitat de Catalunya i \u00e9s fruit del Contracte-Programa que ha signat el Consell Comarcal amb aquest Departament. Aquest acord ha perm\u00e8s la creaci\u00f3 d&#8217;un equip t\u00e8cnic d&#8217;inclusi\u00f3 a l&#8217;\u00e0rea de Benestar que ha facilitat el proc\u00e9s de treball estrat\u00e8gic i far\u00e0 el seguiment de la implementaci\u00f3 del Pla.<\/p>\n<p>El seguiment del Pla es far\u00e0 mitjan\u00e7ant una Comissi\u00f3 T\u00e8cnica que tindr\u00e0 com a missi\u00f3 vetllar pel compliment dels compromisos, els objectius i les accions del Pla. Aquest espai de treball estar\u00e0 integrat pels responsables t\u00e8cnics de les \u00e0rees del Consell Comarcal, dels ajuntaments implicats i pels portanveus de la Taula per a la Inclusi\u00f3 i la Cohesi\u00f3 Social de l&#8217;Alt Empord\u00e0.<\/p>\n<p>Si teniu inter\u00e8s a con\u00e8ixer amb m\u00e9s detall el contingut del Pla per a la Inclusi\u00f3 i la Cohesi\u00f3 Social de l&#8217;Alt Empord\u00e0 2013-2016, us podeu descarregar el document mitjan\u00e7ant aquest<a title=\"enlla\u00e7\" href=\"https:\/\/inclusioaltemporda.cat\/portal\/wp-content\/uploads\/Pla-dInclusi\u00f3-versi\u00f3_def.pdf\"> enlla\u00e7<\/a>.<\/p>\n","protected":false},"excerpt":{"rendered":"<p>Aquest mat\u00ed es presenta p\u00fablicament el Pla per a la Inclusi\u00f3 i la Cohesi\u00f3 Social de l&#8217;Alt Empord\u00e0 2013-2016 a la seu del Consell Comarcal.<\/p>\n","protected":false},"author":3,"featured_media":2476,"comment_status":"closed","ping_status":"closed","sticky":false,"template":"","format":"standard","meta":{"footnotes":""},"categories":[1,12],"tags":[27,24,16,17],"class_list":["post-2470","post","type-post","status-publish","format-standard","has-post-thumbnail","hentry","category-general","category-pla-dinclusio-2","tag-benestar-ccae","tag-inclusio-social","tag-pla-inclusio","tag-taula","category-1","category-12","description-off"],"_links":{"self":[{"href":"https:\/\/inclusioaltemporda.cat\/portal\/wp-json\/wp\/v2\/posts\/2470","targetHints":{"allow":["GET"]}}],"collection":[{"href":"https:\/\/inclusioaltemporda.cat\/portal\/wp-json\/wp\/v2\/posts"}],"about":[{"href":"https:\/\/inclusioaltemporda.cat\/portal\/wp-json\/wp\/v2\/types\/post"}],"author":[{"embeddable":true,"href":"https:\/\/inclusioaltemporda.cat\/portal\/wp-json\/wp\/v2\/users\/3"}],"replies":[{"embeddable":true,"href":"https:\/\/inclusioaltemporda.cat\/portal\/wp-json\/wp\/v2\/comments?post=2470"}],"version-history":[{"count":7,"href":"https:\/\/inclusioaltemporda.cat\/portal\/wp-json\/wp\/v2\/posts\/2470\/revisions"}],"predecessor-version":[{"id":3652,"href":"https:\/\/inclusioaltemporda.cat\/portal\/wp-json\/wp\/v2\/posts\/2470\/revisions\/3652"}],"wp:featuredmedia":[{"embeddable":true,"href":"https:\/\/inclusioaltemporda.cat\/portal\/wp-json\/wp\/v2\/media\/2476"}],"wp:attachment":[{"href":"https:\/\/inclusioaltemporda.cat\/portal\/wp-json\/wp\/v2\/media?parent=2470"}],"wp:term":[{"taxonomy":"category","embeddable":true,"href":"https:\/\/inclusioaltemporda.cat\/portal\/wp-json\/wp\/v2\/categories?post=2470"},{"taxonomy":"post_tag","embeddable":true,"href":"https:\/\/inclusioaltemporda.cat\/portal\/wp-json\/wp\/v2\/tags?post=2470"}],"curies":[{"name":"wp","href":"https:\/\/api.w.org\/{rel}","templated":true}]}}