{"id":2480,"date":"2013-10-02T10:42:02","date_gmt":"2013-10-02T08:42:02","guid":{"rendered":"https:\/\/inclusioaltemporda.cat\/portal\/?p=2480"},"modified":"2016-02-01T09:23:55","modified_gmt":"2016-02-01T08:23:55","slug":"servei-dorientacio-i-informacio-sobre-drogodependencies-per-a-adolescents-i-joves","status":"publish","type":"post","link":"https:\/\/inclusioaltemporda.cat\/portal\/servei-dorientacio-i-informacio-sobre-drogodependencies-per-a-adolescents-i-joves\/","title":{"rendered":"Servei d&#8217;Orientaci\u00f3 i Informaci\u00f3 sobre drogodepend\u00e8ncies per a adolescents i joves"},"content":{"rendered":"<p>L&#8217;\u00e0rea de Benestar del Consell Comarcal posa en marxa aquesta setmana el Servei d&#8217;Orientaci\u00f3 i Informaci\u00f3 sobre drogodepend\u00e8ncies per a adolescents i joves de l&#8217;Alt Empord\u00e0.<\/p>\n<p>Aquest servei \u00e9s un recurs de primera atenci\u00f3 especialitzat, amb finalitat preventiva, que orientar\u00e0, assessorar\u00e0 i donar\u00e0 resposta a les demandes d&#8217;informaci\u00f3, prevenci\u00f3 i atenci\u00f3 plantejades per adolescents, joves, adults i familiars i professionals de la comarca en relaci\u00f3 a les drogodepend\u00e8ncies i\u00a0 a les conductes de risc.<\/p>\n<p>Els objectius espec\u00edfics del servei s\u00f3n donar a con\u00e8ixer els recursos disponibles en prevenci\u00f3 i intervenci\u00f3 en drogodepend\u00e8ncies a la comarca, facilitar la derivaci\u00f3 a centres especialitzats en casos que es valori la necessitat d&#8217;intervenci\u00f3 terap\u00e8utica i detectar situacions de risc associades al consum de drogues.<\/p>\n<p>Aquest Servei s&#8217;emmarca en l&#8217;objectiu estrat\u00e8gic 6 fixat pel <a title=\"Pla per a la Inclusi\u00f3 i la Cohesi\u00f3 Social Alt Empord\u00e0 2013-2016\" href=\"https:\/\/inclusioaltemporda.cat\/portal\/presentacio-publica-del-pla-per-a-la-inclusio-i-la-cohesio-social-de-lalt-emporda-2013-2016\/\">Pla per a la Inclusi\u00f3 i la Cohesi\u00f3 Social de l&#8217;Alt Empord\u00e0 2013-2016<\/a>: refor\u00e7ar els recursos de car\u00e0cter preventiu en l&#8217;\u00e0mbit de la salut per als adolescents i joves de la comarca i, m\u00e9s en concret, en\u00a0 l&#8217;objectiu operatiu 6.2. Promoure recursos espec\u00edfics que facilitin l&#8217;atenci\u00f3 i la informaci\u00f3 en l&#8217;\u00e0mbit de la salut per als adolescents i joves de la comarca.<\/p>\n","protected":false},"excerpt":{"rendered":"<p>L&#8217;\u00e0rea de Benestar del Consell Comarcal posa en marxa aquesta setmana el Servei d&#8217;Orientaci\u00f3 i Informaci\u00f3<\/p>\n","protected":false},"author":3,"featured_media":2484,"comment_status":"closed","ping_status":"closed","sticky":false,"template":"","format":"standard","meta":{"footnotes":""},"categories":[1,12],"tags":[81,65,16],"class_list":["post-2480","post","type-post","status-publish","format-standard","has-post-thumbnail","hentry","category-general","category-pla-dinclusio-2","tag-adolescents","tag-joves","tag-pla-inclusio","category-1","category-12","description-off"],"_links":{"self":[{"href":"https:\/\/inclusioaltemporda.cat\/portal\/wp-json\/wp\/v2\/posts\/2480","targetHints":{"allow":["GET"]}}],"collection":[{"href":"https:\/\/inclusioaltemporda.cat\/portal\/wp-json\/wp\/v2\/posts"}],"about":[{"href":"https:\/\/inclusioaltemporda.cat\/portal\/wp-json\/wp\/v2\/types\/post"}],"author":[{"embeddable":true,"href":"https:\/\/inclusioaltemporda.cat\/portal\/wp-json\/wp\/v2\/users\/3"}],"replies":[{"embeddable":true,"href":"https:\/\/inclusioaltemporda.cat\/portal\/wp-json\/wp\/v2\/comments?post=2480"}],"version-history":[{"count":3,"href":"https:\/\/inclusioaltemporda.cat\/portal\/wp-json\/wp\/v2\/posts\/2480\/revisions"}],"predecessor-version":[{"id":3653,"href":"https:\/\/inclusioaltemporda.cat\/portal\/wp-json\/wp\/v2\/posts\/2480\/revisions\/3653"}],"wp:featuredmedia":[{"embeddable":true,"href":"https:\/\/inclusioaltemporda.cat\/portal\/wp-json\/wp\/v2\/media\/2484"}],"wp:attachment":[{"href":"https:\/\/inclusioaltemporda.cat\/portal\/wp-json\/wp\/v2\/media?parent=2480"}],"wp:term":[{"taxonomy":"category","embeddable":true,"href":"https:\/\/inclusioaltemporda.cat\/portal\/wp-json\/wp\/v2\/categories?post=2480"},{"taxonomy":"post_tag","embeddable":true,"href":"https:\/\/inclusioaltemporda.cat\/portal\/wp-json\/wp\/v2\/tags?post=2480"}],"curies":[{"name":"wp","href":"https:\/\/api.w.org\/{rel}","templated":true}]}}