{"id":2486,"date":"2013-10-03T09:26:08","date_gmt":"2013-10-03T07:26:08","guid":{"rendered":"https:\/\/inclusioaltemporda.cat\/portal\/?p=2486"},"modified":"2016-02-01T09:23:55","modified_gmt":"2016-02-01T08:23:55","slug":"iv-trobada-dentitats-juvenils-de-lalt-emporda-a-figueres-aquest-dissabte-5-doctubre","status":"publish","type":"post","link":"https:\/\/inclusioaltemporda.cat\/portal\/iv-trobada-dentitats-juvenils-de-lalt-emporda-a-figueres-aquest-dissabte-5-doctubre\/","title":{"rendered":"IV Trobada d&#8217;entitats juvenils de l&#8217;Alt Empord\u00e0 a Figueres aquest dissabte 5 d&#8217;octubre"},"content":{"rendered":"<p>El proper dissabte 5 d&#8217;octubre tindr\u00e0 lloc al llarg del dia la IV Trobada d&#8217;entitats juvenils de l&#8217;Alt Empord\u00e0 a la rambla de Figueres.<\/p>\n<p>Aquesta trobada, organitzada conjuntament per l&#8217;\u00e0rea de Joventut del Consell Comarcal, l&#8217;Ajuntament de Figueres i la Taula Comarcal de Joventut de l&#8217;Alt Empord\u00e0, t\u00e9 com a finalitat promoure la participaci\u00f3 i l&#8217;associacionisme entre els joves al mateix temps que facilitar la interrelaci\u00f3 entre entitats i joves de la comarca.<\/p>\n<p>Aquesta trobada est\u00e0 oberta a tots els joves, infants i fam\u00edlies de la comarca i t\u00e9 com a finalitat oferir models de lleure alternatius i noves formes de participar i de comprometre&#8217;s amb la societat.<\/p>\n<p>Aquesta jornada s&#8217;emmarca en els objectius estrat\u00e8gics que defineix el <a title=\"Pla per a la Inclusi\u00f3 i la Cohesi\u00f3 Social Alt Empord\u00e0 2013-2016\" href=\"https:\/\/inclusioaltemporda.cat\/portal\/presentacio-publica-del-pla-per-a-la-inclusio-i-la-cohesio-social-de-lalt-emporda-2013-2016\/\">Pla per a la Inclusi\u00f3 i la Cohesi\u00f3 Social de l&#8217;Alt Empord\u00e0 2013-2016<\/a>: refor\u00e7ar un model de temps de lleure participatiu i en valors socials dels adolescents i joves de la comarca i promoure la seva participaci\u00f3 en els afers col\u00b7lectius.<\/p>\n","protected":false},"excerpt":{"rendered":"<p>El proper dissabte 5 d&#8217;octubre tindr\u00e0 lloc al llarg del dia la IV Trobada d&#8217;entitats juvenils de l&#8217;Alt Empord\u00e0 a la rambla de Figueres. Aquesta trobada, organitzada conjuntament per l&#8217;\u00e0rea&hellip;<\/p>\n","protected":false},"author":3,"featured_media":2487,"comment_status":"closed","ping_status":"closed","sticky":false,"template":"","format":"standard","meta":{"footnotes":""},"categories":[106,101,104,103,108],"tags":[24,65,16],"class_list":["post-2486","post","type-post","status-publish","format-standard","has-post-thumbnail","hentry","category-administracions","category-ciutadania","category-entitats-socials","category-estudiants-escoles-instituts","category-mitjans-comunicacio","tag-inclusio-social","tag-joves","tag-pla-inclusio","category-106","category-101","category-104","category-103","category-108","description-off"],"_links":{"self":[{"href":"https:\/\/inclusioaltemporda.cat\/portal\/wp-json\/wp\/v2\/posts\/2486","targetHints":{"allow":["GET"]}}],"collection":[{"href":"https:\/\/inclusioaltemporda.cat\/portal\/wp-json\/wp\/v2\/posts"}],"about":[{"href":"https:\/\/inclusioaltemporda.cat\/portal\/wp-json\/wp\/v2\/types\/post"}],"author":[{"embeddable":true,"href":"https:\/\/inclusioaltemporda.cat\/portal\/wp-json\/wp\/v2\/users\/3"}],"replies":[{"embeddable":true,"href":"https:\/\/inclusioaltemporda.cat\/portal\/wp-json\/wp\/v2\/comments?post=2486"}],"version-history":[{"count":4,"href":"https:\/\/inclusioaltemporda.cat\/portal\/wp-json\/wp\/v2\/posts\/2486\/revisions"}],"predecessor-version":[{"id":2491,"href":"https:\/\/inclusioaltemporda.cat\/portal\/wp-json\/wp\/v2\/posts\/2486\/revisions\/2491"}],"wp:featuredmedia":[{"embeddable":true,"href":"https:\/\/inclusioaltemporda.cat\/portal\/wp-json\/wp\/v2\/media\/2487"}],"wp:attachment":[{"href":"https:\/\/inclusioaltemporda.cat\/portal\/wp-json\/wp\/v2\/media?parent=2486"}],"wp:term":[{"taxonomy":"category","embeddable":true,"href":"https:\/\/inclusioaltemporda.cat\/portal\/wp-json\/wp\/v2\/categories?post=2486"},{"taxonomy":"post_tag","embeddable":true,"href":"https:\/\/inclusioaltemporda.cat\/portal\/wp-json\/wp\/v2\/tags?post=2486"}],"curies":[{"name":"wp","href":"https:\/\/api.w.org\/{rel}","templated":true}]}}