{"id":2492,"date":"2013-10-07T11:16:59","date_gmt":"2013-10-07T09:16:59","guid":{"rendered":"https:\/\/inclusioaltemporda.cat\/portal\/?p=2492"},"modified":"2016-02-01T09:23:55","modified_gmt":"2016-02-01T08:23:55","slug":"larea-de-benestar-posa-en-marxa-un-estudi-sobre-envelliment-actiu-a-lalt-emporda","status":"publish","type":"post","link":"https:\/\/inclusioaltemporda.cat\/portal\/larea-de-benestar-posa-en-marxa-un-estudi-sobre-envelliment-actiu-a-lalt-emporda\/","title":{"rendered":"L&#8217;\u00e0rea de Benestar posa en marxa un estudi sobre envelliment actiu a l&#8217;Alt Empord\u00e0"},"content":{"rendered":"<p lang=\"ca-ES\" style=\"margin-bottom: 0cm; font-weight: normal;\" align=\"JUSTIFY\">D&#8217;acord amb els objectius i les accions acordades en el marc del <a title=\"Pla per a la Inclusi\u00f3 i la Cohesi\u00f3 Social Alt Empord\u00e0 2013-2016\" href=\"https:\/\/inclusioaltemporda.cat\/portal\/presentacio-publica-del-pla-per-a-la-inclusio-i-la-cohesio-social-de-lalt-emporda-2013-2016\/\">Pla per a la Inclusi\u00f3 i la Cohesi\u00f3 Social de l&#8217;Alt Empord\u00e0 2013-2016<\/a>, l&#8217;\u00e0rea de Benestar ha posat en marxa un estudi sobre processos d&#8217;envelliment actiu a la comarca que t\u00e9 com a finalitat con\u00e8ixer perfils i traject\u00f2ries d&#8217;envelliment i necessitats associades a l&#8217;Alt Empord\u00e0.<\/p>\n<p lang=\"ca-ES\" style=\"margin-bottom: 0cm; font-weight: normal;\" align=\"JUSTIFY\">Aquest estudi facilitar\u00e0 informaci\u00f3 i coneixement als professionals de l&#8217;\u00e0rea de Benestar per generar propostes d&#8217;acci\u00f3 que es debatran en el marc d&#8217; un proc\u00e9s de reflexi\u00f3 participatiu sobre envelliment actiu a l&#8217;Alt Empord\u00e0, promogut pel Consell Consultiu de la Gent Gran, que tindr\u00e0 lloc el primer trimestre de 2014 i que tindr\u00e0 com a finalitat concertar l\u00ednies de treball futures.<\/p>\n<p>Tres s\u00f3n els objectius d&#8217;aquest estudi: 1) Aprofundir en el coneixement de les necessitats de les persones grans de la comarca; 2) Millorar la detecci\u00f3 dels perfils i les traject\u00f2ries d&#8217;envelliment copsant la diversitat de les noves cohorts d&#8217;edat que en pocs anys entraran en l&#8217;etapa +65 i 3) Detectar tend\u00e8ncies d&#8217;envelliment per als propers 20 anys per tal de planificar estrat\u00e8gicament i gestionar els recursos m\u00e9s adequadament. L&#8217;estudi, que estar\u00e0 enllestit a finals d&#8217;any, es basar\u00e0 en una s\u00e8rie d&#8217;entrevistes qualitatives en profunditat realitzades a una mostra de persones d&#8217;entre 60 i 70 anys de la comarca i una enquesta a la gent gran de la comarca que s&#8217;ha dissenyat amb aquesta finalitat.<\/p>\n<p lang=\"ca-ES\" style=\"margin-bottom: 0cm; text-decoration: none;\" align=\"JUSTIFY\">\n","protected":false},"excerpt":{"rendered":"<p>D&#8217;acord amb els objectius i les accions acordades en el marc del Pla per a la Inclusi\u00f3 i la Cohesi\u00f3 Social de l&#8217;Alt Empord\u00e0 2013-2016, l&#8217;\u00e0rea de Benestar ha posat&hellip;<\/p>\n","protected":false},"author":3,"featured_media":2496,"comment_status":"closed","ping_status":"closed","sticky":false,"template":"","format":"standard","meta":{"footnotes":""},"categories":[100,107,101,105,104,103,108,13,12,102],"tags":[27,37,16],"class_list":["post-2492","post","type-post","status-publish","format-standard","has-post-thumbnail","hentry","category-area-benestar","category-centres-recerca-universitats","category-ciutadania","category-empreses","category-entitats-socials","category-estudiants-escoles-instituts","category-mitjans-comunicacio","category-observatori-inclusio-social-alt-emporda","category-pla-dinclusio-2","category-professionals-ambit-social","tag-benestar-ccae","tag-envelliment-actiu","tag-pla-inclusio","category-100","category-107","category-101","category-105","category-104","category-103","category-108","category-13","category-12","category-102","description-off"],"_links":{"self":[{"href":"https:\/\/inclusioaltemporda.cat\/portal\/wp-json\/wp\/v2\/posts\/2492","targetHints":{"allow":["GET"]}}],"collection":[{"href":"https:\/\/inclusioaltemporda.cat\/portal\/wp-json\/wp\/v2\/posts"}],"about":[{"href":"https:\/\/inclusioaltemporda.cat\/portal\/wp-json\/wp\/v2\/types\/post"}],"author":[{"embeddable":true,"href":"https:\/\/inclusioaltemporda.cat\/portal\/wp-json\/wp\/v2\/users\/3"}],"replies":[{"embeddable":true,"href":"https:\/\/inclusioaltemporda.cat\/portal\/wp-json\/wp\/v2\/comments?post=2492"}],"version-history":[{"count":6,"href":"https:\/\/inclusioaltemporda.cat\/portal\/wp-json\/wp\/v2\/posts\/2492\/revisions"}],"predecessor-version":[{"id":2500,"href":"https:\/\/inclusioaltemporda.cat\/portal\/wp-json\/wp\/v2\/posts\/2492\/revisions\/2500"}],"wp:featuredmedia":[{"embeddable":true,"href":"https:\/\/inclusioaltemporda.cat\/portal\/wp-json\/wp\/v2\/media\/2496"}],"wp:attachment":[{"href":"https:\/\/inclusioaltemporda.cat\/portal\/wp-json\/wp\/v2\/media?parent=2492"}],"wp:term":[{"taxonomy":"category","embeddable":true,"href":"https:\/\/inclusioaltemporda.cat\/portal\/wp-json\/wp\/v2\/categories?post=2492"},{"taxonomy":"post_tag","embeddable":true,"href":"https:\/\/inclusioaltemporda.cat\/portal\/wp-json\/wp\/v2\/tags?post=2492"}],"curies":[{"name":"wp","href":"https:\/\/api.w.org\/{rel}","templated":true}]}}