{"id":2502,"date":"2013-10-08T08:51:30","date_gmt":"2013-10-08T06:51:30","guid":{"rendered":"https:\/\/inclusioaltemporda.cat\/portal\/?p=2502"},"modified":"2016-02-01T09:23:55","modified_gmt":"2016-02-01T08:23:55","slug":"obert-el-termini-dinscripcions-per-al-programa-okupalt-2014","status":"publish","type":"post","link":"https:\/\/inclusioaltemporda.cat\/portal\/obert-el-termini-dinscripcions-per-al-programa-okupalt-2014\/","title":{"rendered":"Obert el termini d&#8217;inscripcions per al programa Okup&#8217;Alt 2014"},"content":{"rendered":"<p>La nova edici\u00f3 del programa Okup&#8217;Alt 2014 orientat a la formaci\u00f3 professionalitzadora i ocupacional de joves de la comarca ha obert el termini d&#8217;inscripcions que estar\u00e0 actiu fins al proper 29 de novembre.<\/p>\n<p>Aquest programa est\u00e0 adre\u00e7at a joves d&#8217;entre 16 i 19 anys que no estiguin estudiant ni trobin feina i tinguin inter\u00e8s a participar en un espai de formaci\u00f3 i pr\u00e0ctica centrat en tres \u00e0mbits laborals: agricultura (tasques forestals); serveis de manteniment (pintura, lampisteria) i comunicaci\u00f3 (edici\u00f3, gravaci\u00f3 i muntatge de v\u00eddeos, gesti\u00f3 de xarxes socials).<\/p>\n<p>Les persones interessades poden demanar informaci\u00f3 i adre\u00e7ar les seves sol\u00b7licituds a l&#8217;Oficina de Joventut Figueres-Alt Empord\u00e0 (c. Anicet de Pag\u00e8s, 2- Figueres. Tel. 972 673 728), de dilluns a divendres de 9 a 14 hores i de 16 a 18h, contactar via correu electr\u00f2nic (joventut@altemporda.org) o mitjan\u00e7ant la p\u00e0gina de Facebook (Joventut Figueres Alt Empord\u00e0).<\/p>\n<p>Clickant en aquest enlla\u00e7 podeu accedir al <a title=\"Full d'Inscripci\u00f3\" href=\"https:\/\/inclusioaltemporda.cat\/portal\/wp-content\/uploads\/Full-inscripci\u00f3-Projecte-OkupAlt-2014.pdf\">Full d&#8217;Inscripci\u00f3<\/a> i en aquest altre teniu el <a title=\"cartell informatiu\" href=\"https:\/\/inclusioaltemporda.cat\/portal\/wp-content\/uploads\/Cartell-OkupAlt-2014.pdf\">cartell informatiu<\/a>.<\/p>\n","protected":false},"excerpt":{"rendered":"<p>La nova edici\u00f3 del programa Okup&#8217;Alt 2014 orientat a la formaci\u00f3 professionalitzadora i ocupacional de joves de la comarca ha obert el termini d&#8217;inscripcions que estar\u00e0 actiu fins al proper&hellip;<\/p>\n","protected":false},"author":3,"featured_media":2509,"comment_status":"closed","ping_status":"closed","sticky":false,"template":"","format":"standard","meta":{"footnotes":""},"categories":[106,101,105,104,103,108],"tags":[117,65,82],"class_list":["post-2502","post","type-post","status-publish","format-standard","has-post-thumbnail","hentry","category-administracions","category-ciutadania","category-empreses","category-entitats-socials","category-estudiants-escoles-instituts","category-mitjans-comunicacio","tag-formacio-ca","tag-joves","tag-okupalt-2014","category-106","category-101","category-105","category-104","category-103","category-108","description-off"],"_links":{"self":[{"href":"https:\/\/inclusioaltemporda.cat\/portal\/wp-json\/wp\/v2\/posts\/2502","targetHints":{"allow":["GET"]}}],"collection":[{"href":"https:\/\/inclusioaltemporda.cat\/portal\/wp-json\/wp\/v2\/posts"}],"about":[{"href":"https:\/\/inclusioaltemporda.cat\/portal\/wp-json\/wp\/v2\/types\/post"}],"author":[{"embeddable":true,"href":"https:\/\/inclusioaltemporda.cat\/portal\/wp-json\/wp\/v2\/users\/3"}],"replies":[{"embeddable":true,"href":"https:\/\/inclusioaltemporda.cat\/portal\/wp-json\/wp\/v2\/comments?post=2502"}],"version-history":[{"count":4,"href":"https:\/\/inclusioaltemporda.cat\/portal\/wp-json\/wp\/v2\/posts\/2502\/revisions"}],"predecessor-version":[{"id":4998,"href":"https:\/\/inclusioaltemporda.cat\/portal\/wp-json\/wp\/v2\/posts\/2502\/revisions\/4998"}],"wp:featuredmedia":[{"embeddable":true,"href":"https:\/\/inclusioaltemporda.cat\/portal\/wp-json\/wp\/v2\/media\/2509"}],"wp:attachment":[{"href":"https:\/\/inclusioaltemporda.cat\/portal\/wp-json\/wp\/v2\/media?parent=2502"}],"wp:term":[{"taxonomy":"category","embeddable":true,"href":"https:\/\/inclusioaltemporda.cat\/portal\/wp-json\/wp\/v2\/categories?post=2502"},{"taxonomy":"post_tag","embeddable":true,"href":"https:\/\/inclusioaltemporda.cat\/portal\/wp-json\/wp\/v2\/tags?post=2502"}],"curies":[{"name":"wp","href":"https:\/\/api.w.org\/{rel}","templated":true}]}}