{"id":2510,"date":"2013-10-09T10:29:14","date_gmt":"2013-10-09T09:29:14","guid":{"rendered":"https:\/\/inclusioaltemporda.cat\/portal\/?p=2510"},"modified":"2016-02-01T09:23:55","modified_gmt":"2016-02-01T08:23:55","slug":"manual-per-combatre-rumors-i-estereotips-vinculats-a-la-diversitat-cultural","status":"publish","type":"post","link":"https:\/\/inclusioaltemporda.cat\/portal\/manual-per-combatre-rumors-i-estereotips-vinculats-a-la-diversitat-cultural\/","title":{"rendered":"Manual per combatre rumors i estereotips vinculats a la diversitat cultural"},"content":{"rendered":"<p><!--:CA-->L&#8217;Institut Diversitas de l&#8217;<a title=\"\u00e0mbit Maria Corral\" href=\"http:\/\/www.ambitmariacorral.org\/\">\u00e0mbit Maria Corral<\/a> ha editat un Manual per combatre rumors i estereotips vinculats a la diversitat cultural dirigit a persones que, des del seu rol personal o professional, duen a terme tasques de promoci\u00f3 de la diversitat cultural amb diferents sectors de la ciutadania.<\/p>\n<p>Aquest material ha estat elaborat en col\u00b7laboraci\u00f3 amb el M\u00e0ster d&#8217;Intervenci\u00f3 Social del departament de Psicologia de la Universitat Aut\u00f2noma de Barcelona i la Facultat de Pedagogia de la Universitat de Barcelona.<\/p>\n<p>El Manual s&#8217;estructura en tres apartats: 1) Conceptes clau en la tasca antirumors; 2) Identificaci\u00f3 dels principals estereoptips i rumors en col\u00b7lectius \u00e8tnics amb m\u00e9s pres\u00e8ncia a Catalunya (xinesos, equatorians, magrebins, paquistanesos i romanesos) i en els col\u00b7lectius aut\u00f2ctons (poble gitano i poble catal\u00e0 com a societat d&#8217;acollida) i 3) Relaci\u00f3 d&#8217;entitats i persones que treballen en aquest \u00e0mbit.<\/p>\n<p>Si teniu inter\u00e8s a con\u00e8ixer aquest document, us el podeu descarregar en aquest <a title=\"enlla\u00e7\" href=\"http:\/\/www.institutdiversitas.org\/wp-content\/uploads\/2013\/05\/Manual-Antirumors-20131.pdf\">enlla\u00e7<\/a>.<!--:--><\/p>\n","protected":false},"excerpt":{"rendered":"<p>L&#8217;Institut Diversitas de l&#8217;\u00e0mbit Maria Corral ha editat un Manual per combatre rumors i estereotips vinculats a la diversitat cultural dirigit a persones que, des del seu rol personal o&hellip;<\/p>\n","protected":false},"author":3,"featured_media":2512,"comment_status":"closed","ping_status":"closed","sticky":false,"template":"","format":"standard","meta":{"footnotes":""},"categories":[107,101,105,104,103,108,102],"tags":[34,83,24,62],"class_list":["post-2510","post","type-post","status-publish","format-standard","has-post-thumbnail","hentry","category-centres-recerca-universitats","category-ciutadania","category-empreses","category-entitats-socials","category-estudiants-escoles-instituts","category-mitjans-comunicacio","category-professionals-ambit-social","tag-aula-professionals","tag-diversitat-cultural","tag-inclusio-social","tag-pla-ciutadania-i-immigracio","category-107","category-101","category-105","category-104","category-103","category-108","category-102","description-off"],"_links":{"self":[{"href":"https:\/\/inclusioaltemporda.cat\/portal\/wp-json\/wp\/v2\/posts\/2510","targetHints":{"allow":["GET"]}}],"collection":[{"href":"https:\/\/inclusioaltemporda.cat\/portal\/wp-json\/wp\/v2\/posts"}],"about":[{"href":"https:\/\/inclusioaltemporda.cat\/portal\/wp-json\/wp\/v2\/types\/post"}],"author":[{"embeddable":true,"href":"https:\/\/inclusioaltemporda.cat\/portal\/wp-json\/wp\/v2\/users\/3"}],"replies":[{"embeddable":true,"href":"https:\/\/inclusioaltemporda.cat\/portal\/wp-json\/wp\/v2\/comments?post=2510"}],"version-history":[{"count":4,"href":"https:\/\/inclusioaltemporda.cat\/portal\/wp-json\/wp\/v2\/posts\/2510\/revisions"}],"predecessor-version":[{"id":3324,"href":"https:\/\/inclusioaltemporda.cat\/portal\/wp-json\/wp\/v2\/posts\/2510\/revisions\/3324"}],"wp:featuredmedia":[{"embeddable":true,"href":"https:\/\/inclusioaltemporda.cat\/portal\/wp-json\/wp\/v2\/media\/2512"}],"wp:attachment":[{"href":"https:\/\/inclusioaltemporda.cat\/portal\/wp-json\/wp\/v2\/media?parent=2510"}],"wp:term":[{"taxonomy":"category","embeddable":true,"href":"https:\/\/inclusioaltemporda.cat\/portal\/wp-json\/wp\/v2\/categories?post=2510"},{"taxonomy":"post_tag","embeddable":true,"href":"https:\/\/inclusioaltemporda.cat\/portal\/wp-json\/wp\/v2\/tags?post=2510"}],"curies":[{"name":"wp","href":"https:\/\/api.w.org\/{rel}","templated":true}]}}