{"id":2523,"date":"2013-10-11T10:10:50","date_gmt":"2013-10-11T09:10:50","guid":{"rendered":"https:\/\/inclusioaltemporda.cat\/portal\/?p=2523"},"modified":"2016-02-01T09:23:54","modified_gmt":"2016-02-01T08:23:54","slug":"activitats-de-commemoracio-del-dia-internacional-del-cancer-de-mama","status":"publish","type":"post","link":"https:\/\/inclusioaltemporda.cat\/portal\/activitats-de-commemoracio-del-dia-internacional-del-cancer-de-mama\/","title":{"rendered":"Activitats de commemoraci\u00f3 del Dia Internacional del C\u00e0ncer de Mama"},"content":{"rendered":"<p><!--:CA-->En motiu de la celebraci\u00f3 del dia Internacional del C\u00e0ncer de Mama el <a href=\"https:\/\/inclusioaltemporda.cat\/portal\/coneix-les-entitats-de-la-taula-grup-iris\/\">Grup Iris<\/a> organitza una <a href=\"https:\/\/sites.google.com\/site\/donescontraelcancer\/\">FLASHMOB el proper dissabte 19 d&#8217;octubre<\/a>, amb l&#8217;objectiu de sensibilitzar la poblaci\u00f3 sobre aquesta problem\u00e0tica i alhora visualitzar el treball que duen a terme entitats, com el Grup Iris, de suport a les dones afectades pel c\u00e0ncer de mama. L&#8217;entitat ha fet una crida a la participaci\u00f3 en aquesta activitat que es dur\u00e0 a terme a les 17h a la Pla\u00e7a de l&#8217;Ajuntament.<\/p>\n<p>Aquell mateix dia el Grup Iris tamb\u00e9 participar\u00e0 en el cicle d&#8217;entrevistes <a href=\"http:\/\/www20.gencat.cat\/portal\/site\/icdones\/menuitem.8995df589d09a9b439a72641b0c0e1a0\/?vgnextoid=a74ecd2ee09e3310VgnVCM2000009b0c1e0aRCRD&amp;vgnextchannel=a74ecd2ee09e3310VgnVCM2000009b0c1e0aRCRD&amp;vgnextfmt=default\">Veu de Dona<\/a> que organitza l&#8217;<a href=\"http:\/\/www20.gencat.cat\/portal\/site\/icdones\/menuitem.7b06daf3082480a439a72641b0c0e1a0\/?vgnextoid=d6dda42329c7b110VgnVCM1000000b0c1e0aRCRD&amp;vgnextchannel=d6dda42329c7b110VgnVCM1000000b0c1e0aRCRD&amp;vgnextfmt=default\">Institut Catal\u00e0 del les Dones<\/a>. En aquest, dones significades de Catalunya en diversos \u00e0mbits (esport, cultura, comunicaci\u00f3, associacionisme, empresa, lluita contra la viol\u00e8ncia masclista, salut, religi\u00f3, universitats i recerca, etc.) participen en entrevistes p\u00fabliques per tal de donar a con\u00e8ixer i visualitzar el treball que duen a terme en el seu \u00e0mbit i\/o territori. L&#8217;acte es dur\u00e0 a terme a les 12h al Museu del Joguet de Catalunya.<\/p>\n<p>El Grup Iris \u00e9s una entitat creada recentment per un grup de dones de la comarca de l\u2019Alt Empord\u00e0 per tal de donar suport a les dones afectades pel c\u00e0ncer de mama. Aquesta entitat t\u00e9 com a objectiu facilitar suport i acompanyament a les dones de la comarca que lluiten contra aquesta malaltia.<\/p>\n<p><!--:--><\/p>\n","protected":false},"excerpt":{"rendered":"<p>En motiu de la celebraci\u00f3 del dia Internacional del C\u00e0ncer de Mama el Grup Iris organitza una FLASHMOB el proper dissabte 19 d&#8217;octubre, amb l&#8217;objectiu de sensibilitzar la poblaci\u00f3 sobre&hellip;<\/p>\n","protected":false},"author":2,"featured_media":2081,"comment_status":"closed","ping_status":"closed","sticky":false,"template":"","format":"standard","meta":{"footnotes":""},"categories":[101,105,104,108,11],"tags":[52,17,51],"class_list":["post-2523","post","type-post","status-publish","format-standard","has-post-thumbnail","hentry","category-ciutadania","category-empreses","category-entitats-socials","category-mitjans-comunicacio","category-taula-inclusio","tag-entitats-de-la-taula","tag-taula","tag-voluntariat","category-101","category-105","category-104","category-108","category-11","description-off"],"_links":{"self":[{"href":"https:\/\/inclusioaltemporda.cat\/portal\/wp-json\/wp\/v2\/posts\/2523","targetHints":{"allow":["GET"]}}],"collection":[{"href":"https:\/\/inclusioaltemporda.cat\/portal\/wp-json\/wp\/v2\/posts"}],"about":[{"href":"https:\/\/inclusioaltemporda.cat\/portal\/wp-json\/wp\/v2\/types\/post"}],"author":[{"embeddable":true,"href":"https:\/\/inclusioaltemporda.cat\/portal\/wp-json\/wp\/v2\/users\/2"}],"replies":[{"embeddable":true,"href":"https:\/\/inclusioaltemporda.cat\/portal\/wp-json\/wp\/v2\/comments?post=2523"}],"version-history":[{"count":4,"href":"https:\/\/inclusioaltemporda.cat\/portal\/wp-json\/wp\/v2\/posts\/2523\/revisions"}],"predecessor-version":[{"id":3612,"href":"https:\/\/inclusioaltemporda.cat\/portal\/wp-json\/wp\/v2\/posts\/2523\/revisions\/3612"}],"wp:featuredmedia":[{"embeddable":true,"href":"https:\/\/inclusioaltemporda.cat\/portal\/wp-json\/wp\/v2\/media\/2081"}],"wp:attachment":[{"href":"https:\/\/inclusioaltemporda.cat\/portal\/wp-json\/wp\/v2\/media?parent=2523"}],"wp:term":[{"taxonomy":"category","embeddable":true,"href":"https:\/\/inclusioaltemporda.cat\/portal\/wp-json\/wp\/v2\/categories?post=2523"},{"taxonomy":"post_tag","embeddable":true,"href":"https:\/\/inclusioaltemporda.cat\/portal\/wp-json\/wp\/v2\/tags?post=2523"}],"curies":[{"name":"wp","href":"https:\/\/api.w.org\/{rel}","templated":true}]}}