{"id":2526,"date":"2013-10-14T09:25:24","date_gmt":"2013-10-14T08:25:24","guid":{"rendered":"https:\/\/inclusioaltemporda.cat\/portal\/?p=2526"},"modified":"2016-02-01T09:23:54","modified_gmt":"2016-02-01T08:23:54","slug":"es-posa-en-maxa-el-projecte-formula-jove-a-la-jonquera","status":"publish","type":"post","link":"https:\/\/inclusioaltemporda.cat\/portal\/es-posa-en-maxa-el-projecte-formula-jove-a-la-jonquera\/","title":{"rendered":"Es posa en marxa el projecte Formula Jove a La Jonquera"},"content":{"rendered":"<p><!--:CA-->L&#8217;<a href=\"http:\/\/webspobles.ddgi.cat\/sites\/la_jonquera\/default.aspx\" target=\"_blank\">Ajuntament de La Jonquera<\/a> i l&#8217;<a href=\"http:\/\/www.altemporda.org\/portal\/arees-i-serveis\/joventut\">\u00c0rea de Joventut del Consell Comarcal<\/a> posaran en funcionament a finals del mes d&#8217;octubre un nou programa formatiu, impulsat per la <a href=\"http:\/\/www20.gencat.cat\/portal\/site\/Joventut\/\" target=\"_blank\">Direcci\u00f3 General de Joventut<\/a> del Departament de Benestar Social i Fam\u00edlia, en el sector de l&#8217;hoteleria adre\u00e7at a joves entre 16 i 24 anys.<\/p>\n<p>El Formula Jove consta de 185 hores lectives de les quals 75 seran de pr\u00e0ctiques en empreses del sector a La Jonquera. Les 110 hores restants corresponen a hores de formaci\u00f3 a l&#8217;aula, repartides en 5 blocs tem\u00e0tics vinculats a la professi\u00f3 de cambrer.<\/p>\n<p>Les persones interessades en participar en el Formula Jove s&#8217;han d&#8217;adre\u00e7ar al <a href=\"http:\/\/webspobles.ddgi.cat\/sites\/la_jonquera\/Pages_LeftMenu\/detalls_equipaments_cuturals.aspx?Id=3&amp;Lista=equipaments_culturals\" target=\"_blank\">Punt Jove de Can Laporta<\/a> per tal de formalitzar la inscripci\u00f3. Per tal d&#8217;inscriure&#8217;s al programa \u00e9s imprescindible estar empadronat al municipi, tenir un nivell de compet\u00e8ncies b\u00e0siques suficient per poder seguir amb aprofitament el continguts dels m\u00f2duls formatius, i en el cas de joves estrangers, disposar de perm\u00eds de resid\u00e8ncia i treball.<\/p>\n<p>Per a m\u00e9s informaci\u00f3 sobre el projecte Formula Jove us podeu adre\u00e7ar al Punt Jove de Can Laporta, de forma presencial o telef\u00f2nicament (972 55 57 13), de dilluns a divendres entre 17 i 20h, o\u00a0 a trav\u00e9s del correu electr\u00f2nic <a href=\"canlaporta@lajonquera.cat\" target=\"_blank\">canlaporta@lajonquera.cat<\/a><\/p>\n<p>Aquesta acci\u00f3 forma part de les iniciatives previstes en el Pla Local de Joventut del municipi i compta amb el finan\u00e7ament de la Direcci\u00f3 General de Joventut.<!--:--><\/p>\n","protected":false},"excerpt":{"rendered":"<p>L&#8217;Ajuntament de La Jonquera i l&#8217;\u00c0rea de Joventut del Consell Comarcal posaran en funcionament a finals del mes d&#8217;octubre un nou programa formatiu, impulsat per la Direcci\u00f3 General de Joventut&hellip;<\/p>\n","protected":false},"author":2,"featured_media":2423,"comment_status":"closed","ping_status":"closed","sticky":false,"template":"","format":"standard","meta":{"footnotes":""},"categories":[106,101,105,104,103,108],"tags":[117,24,43,40],"class_list":["post-2526","post","type-post","status-publish","format-standard","has-post-thumbnail","hentry","category-administracions","category-ciutadania","category-empreses","category-entitats-socials","category-estudiants-escoles-instituts","category-mitjans-comunicacio","tag-formacio-ca","tag-inclusio-social","tag-insercio-sociolaboral","tag-recursos","category-106","category-101","category-105","category-104","category-103","category-108","description-off"],"_links":{"self":[{"href":"https:\/\/inclusioaltemporda.cat\/portal\/wp-json\/wp\/v2\/posts\/2526","targetHints":{"allow":["GET"]}}],"collection":[{"href":"https:\/\/inclusioaltemporda.cat\/portal\/wp-json\/wp\/v2\/posts"}],"about":[{"href":"https:\/\/inclusioaltemporda.cat\/portal\/wp-json\/wp\/v2\/types\/post"}],"author":[{"embeddable":true,"href":"https:\/\/inclusioaltemporda.cat\/portal\/wp-json\/wp\/v2\/users\/2"}],"replies":[{"embeddable":true,"href":"https:\/\/inclusioaltemporda.cat\/portal\/wp-json\/wp\/v2\/comments?post=2526"}],"version-history":[{"count":10,"href":"https:\/\/inclusioaltemporda.cat\/portal\/wp-json\/wp\/v2\/posts\/2526\/revisions"}],"predecessor-version":[{"id":3613,"href":"https:\/\/inclusioaltemporda.cat\/portal\/wp-json\/wp\/v2\/posts\/2526\/revisions\/3613"}],"wp:featuredmedia":[{"embeddable":true,"href":"https:\/\/inclusioaltemporda.cat\/portal\/wp-json\/wp\/v2\/media\/2423"}],"wp:attachment":[{"href":"https:\/\/inclusioaltemporda.cat\/portal\/wp-json\/wp\/v2\/media?parent=2526"}],"wp:term":[{"taxonomy":"category","embeddable":true,"href":"https:\/\/inclusioaltemporda.cat\/portal\/wp-json\/wp\/v2\/categories?post=2526"},{"taxonomy":"post_tag","embeddable":true,"href":"https:\/\/inclusioaltemporda.cat\/portal\/wp-json\/wp\/v2\/tags?post=2526"}],"curies":[{"name":"wp","href":"https:\/\/api.w.org\/{rel}","templated":true}]}}