{"id":2535,"date":"2013-10-15T08:59:50","date_gmt":"2013-10-15T07:59:50","guid":{"rendered":"https:\/\/inclusioaltemporda.cat\/portal\/?p=2535"},"modified":"2016-02-01T09:23:54","modified_gmt":"2016-02-01T08:23:54","slug":"sessio-de-treball-sobre-nous-recursos-del-servei-local-de-teleassistencia-domiciliaria","status":"publish","type":"post","link":"https:\/\/inclusioaltemporda.cat\/portal\/sessio-de-treball-sobre-nous-recursos-del-servei-local-de-teleassistencia-domiciliaria\/","title":{"rendered":"Sessi\u00f3 de treball sobre nous recursos del Servei Local de Teleassist\u00e8ncia Domicili\u00e0ria"},"content":{"rendered":"<p><!--:CA-->Dem\u00e0 dimecres, 16 d&#8217;octubre, tindr\u00e0 lloc una sessi\u00f3 de treball amb els professionals de l&#8217;\u00e0rea de Benestar a la seu del Consell Comarcal per con\u00e8ixer els nous recursos i prestacions que ofereix el <a title=\"Servei Local de Teleassist\u00e8ncia Domicili\u00e0ria de la Diputaci\u00f3 de Girona\" href=\"http:\/\/www.ddgi.cat\/web\/servei.seam?serveiId=76&amp;nivellId=214&amp;cid=366&amp;categoriaId=2\">Servei Local de Teleassist\u00e8ncia Domicili\u00e0ria de la Diputaci\u00f3 de Girona<\/a>.<\/p>\n<p>El Servei Local de Teleassist\u00e8ncia Domicili\u00e0ria \u00e9s un servei preventiu i de proximitat orientat a persones en situaci\u00f3 de risc per diferents factors: edat, solitud, fragilitat o depend\u00e8ncia. A trav\u00e9s d&#8217;aquest servei es garanteix que les persones usu\u00e0ries puguin ser ateses les 24 hores del dia de manera immediata. \u00c9s un servei que, despr\u00e9s de la valoraci\u00f3 pertinent,\u00a0 s&#8217;ofereix a aquelles persones usu\u00e0ries dels serveis socials de la comarca.<\/p>\n<p>Segons les necessitats de cada persona s&#8217;ofereix teleassist\u00e8ncia avan\u00e7ada mitjan\u00e7ant dispositius que milloren el seu seguiment com ara el detector de mobilitat o passivitat, de fum o foc, de gas o di\u00f2xid de carboni, de caiguda, entre d&#8217;altres. Destaca, igualment, la posada en servei d&#8217;un vehicle d&#8217;urg\u00e8ncia social que permetr\u00e0 als professionals el despla\u00e7ament al domicili i el seguiment dels usuaris en cas d&#8217;emerg\u00e8ncia. Aquest servei s&#8217;implantar\u00e0 al conjunt de les comarques gironines de manera progressiva en els propers mesos. Aquests recursos adaptats permeten obtenir informaci\u00f3 immediata de possibles situacions de risc de les persones usu\u00e0ries.<!--:--><\/p>\n","protected":false},"excerpt":{"rendered":"<p>Dem\u00e0 dimecres, 16 d&#8217;octubre, tindr\u00e0 lloc una sessi\u00f3 de treball amb els professionals de l&#8217;\u00e0rea de Benestar a la seu del Consell Comarcal per con\u00e8ixer els nous recursos i prestacions&hellip;<\/p>\n","protected":false},"author":3,"featured_media":2536,"comment_status":"closed","ping_status":"closed","sticky":false,"template":"","format":"standard","meta":{"footnotes":""},"categories":[106,100,101,105,104,108],"tags":[27,38,46],"class_list":["post-2535","post","type-post","status-publish","format-standard","has-post-thumbnail","hentry","category-administracions","category-area-benestar","category-ciutadania","category-empreses","category-entitats-socials","category-mitjans-comunicacio","tag-benestar-ccae","tag-gent-gran","tag-servei-local-teleassistencia","category-106","category-100","category-101","category-105","category-104","category-108","description-off"],"_links":{"self":[{"href":"https:\/\/inclusioaltemporda.cat\/portal\/wp-json\/wp\/v2\/posts\/2535","targetHints":{"allow":["GET"]}}],"collection":[{"href":"https:\/\/inclusioaltemporda.cat\/portal\/wp-json\/wp\/v2\/posts"}],"about":[{"href":"https:\/\/inclusioaltemporda.cat\/portal\/wp-json\/wp\/v2\/types\/post"}],"author":[{"embeddable":true,"href":"https:\/\/inclusioaltemporda.cat\/portal\/wp-json\/wp\/v2\/users\/3"}],"replies":[{"embeddable":true,"href":"https:\/\/inclusioaltemporda.cat\/portal\/wp-json\/wp\/v2\/comments?post=2535"}],"version-history":[{"count":6,"href":"https:\/\/inclusioaltemporda.cat\/portal\/wp-json\/wp\/v2\/posts\/2535\/revisions"}],"predecessor-version":[{"id":3320,"href":"https:\/\/inclusioaltemporda.cat\/portal\/wp-json\/wp\/v2\/posts\/2535\/revisions\/3320"}],"wp:featuredmedia":[{"embeddable":true,"href":"https:\/\/inclusioaltemporda.cat\/portal\/wp-json\/wp\/v2\/media\/2536"}],"wp:attachment":[{"href":"https:\/\/inclusioaltemporda.cat\/portal\/wp-json\/wp\/v2\/media?parent=2535"}],"wp:term":[{"taxonomy":"category","embeddable":true,"href":"https:\/\/inclusioaltemporda.cat\/portal\/wp-json\/wp\/v2\/categories?post=2535"},{"taxonomy":"post_tag","embeddable":true,"href":"https:\/\/inclusioaltemporda.cat\/portal\/wp-json\/wp\/v2\/tags?post=2535"}],"curies":[{"name":"wp","href":"https:\/\/api.w.org\/{rel}","templated":true}]}}