{"id":2543,"date":"2013-10-16T10:11:00","date_gmt":"2013-10-16T09:11:00","guid":{"rendered":"https:\/\/inclusioaltemporda.cat\/portal\/?p=2543"},"modified":"2016-02-01T09:23:54","modified_gmt":"2016-02-01T08:23:54","slug":"es-posen-en-marxa-nous-grups-de-suport-a-cuidadors-als-municipis-de-la-jonquera-castello-dempuries-i-garriguella","status":"publish","type":"post","link":"https:\/\/inclusioaltemporda.cat\/portal\/es-posen-en-marxa-nous-grups-de-suport-a-cuidadors-als-municipis-de-la-jonquera-castello-dempuries-i-garriguella\/","title":{"rendered":"Es posen en marxa nous grups de suport a cuidadors als municipis de La Jonquera, Castell\u00f3 d&#8217;Emp\u00faries i Garriguella"},"content":{"rendered":"<p><!--:CA-->La setmana vinent el programa d&#8217;Atenci\u00f3 i Prevenci\u00f3 a la Depend\u00e8nci ade l&#8217;\u00e0rea de Benestar, posa en marxa els grups de suport a cuidadors\u00a0 de familiars en situaci\u00f3 de depend\u00e8ncia\u00a0 a La Jonquera, Castell\u00f3 d&#8217;Emp\u00faries i Garriguella.<\/p>\n<p>Els grups de suport tenen com a principal objectiu millorar la qualitat de vida de les persones depenents i els seus familiars, mitjan\u00e7ant l&#8217;intercanvi d&#8217;experi\u00e8ncies i potenciant la relaci\u00f3 entre persones amb situacions i necessitats similars.<\/p>\n<p>La tasca di\u00e0ria de cura d\u2019una persona amb depend\u00e8ncia comporta un cert nivell d\u2019esgotament f\u00edsic i emocional per la persona cuidadora que sovint incideix en la seva salut f\u00edsica i mental, en els seus h\u00e0bits de vida i en la seva xarxa social i relacional. Davant d\u2019aquesta situaci\u00f3, el Consell Comarcal de l&#8217;Alt Empord\u00e0 va posar en marxa l&#8217;any 2004 aquest programa de suport amb la finalitat que les fam\u00edlies trobin ajut, xarxa i informaci\u00f3 que faciliti el conviure amb les dificultats d\u2019atendre una persona amb depend\u00e8ncia i aprendre noves estrat\u00e8gies d\u2019afrontament.<\/p>\n<p>Els grups de suport consten de 12 sessions en qu\u00e8 es treballen diferents aspectes relacionats amb l&#8217;atenci\u00f3 a la cura i estan dinamitzades cadascuna d&#8217;elles per una psic\u00f2loga, una fisioterapeuta, una terapeuta ocupacional, una treballadora social i professionals de les \u00e0rees b\u00e0siques de salut de refer\u00e8ncia.<\/p>\n<p>El grup de La Jonquera es posa en marxa el proper 25 d&#8217;octubre i es trobar\u00e0 els divendres, de 10.30 a 12h, a Can Laporta. El grup de Castell\u00f3 d&#8217;Emp\u00faries s&#8217;inicia el proper 21 d&#8217;octubre i es trobar\u00e0 els dilluns, de 11 a 12:30h. al Casal de la gent gran. El grup de Garriguella,\u00a0 organitzat conjuntament amb l&#8217;\u00e0rea b\u00e0sica de salut de L&#8217;Albera, iniciar\u00e0 les sessions el proper 22 d&#8217;octubre i es trobar\u00e0 els dimarts de 16 a 17:30h. a la sala Sabater Forti\u00e0.<!--:--><\/p>\n","protected":false},"excerpt":{"rendered":"<p>La setmana vinent el programa d&#8217;Atenci\u00f3 i Prevenci\u00f3 a la Depend\u00e8nci ade l&#8217;\u00e0rea de Benestar, posa en marxa els grups de suport a cuidadors\u00a0 de familiars en situaci\u00f3 de depend\u00e8ncia\u00a0&hellip;<\/p>\n","protected":false},"author":3,"featured_media":2546,"comment_status":"closed","ping_status":"closed","sticky":false,"template":"","format":"standard","meta":{"footnotes":""},"categories":[106,100,101,105,104,108,102],"tags":[27,84,37,38],"class_list":["post-2543","post","type-post","status-publish","format-standard","has-post-thumbnail","hentry","category-administracions","category-area-benestar","category-ciutadania","category-empreses","category-entitats-socials","category-mitjans-comunicacio","category-professionals-ambit-social","tag-benestar-ccae","tag-cuidadors","tag-envelliment-actiu","tag-gent-gran","category-106","category-100","category-101","category-105","category-104","category-108","category-102","description-off"],"_links":{"self":[{"href":"https:\/\/inclusioaltemporda.cat\/portal\/wp-json\/wp\/v2\/posts\/2543","targetHints":{"allow":["GET"]}}],"collection":[{"href":"https:\/\/inclusioaltemporda.cat\/portal\/wp-json\/wp\/v2\/posts"}],"about":[{"href":"https:\/\/inclusioaltemporda.cat\/portal\/wp-json\/wp\/v2\/types\/post"}],"author":[{"embeddable":true,"href":"https:\/\/inclusioaltemporda.cat\/portal\/wp-json\/wp\/v2\/users\/3"}],"replies":[{"embeddable":true,"href":"https:\/\/inclusioaltemporda.cat\/portal\/wp-json\/wp\/v2\/comments?post=2543"}],"version-history":[{"count":4,"href":"https:\/\/inclusioaltemporda.cat\/portal\/wp-json\/wp\/v2\/posts\/2543\/revisions"}],"predecessor-version":[{"id":3319,"href":"https:\/\/inclusioaltemporda.cat\/portal\/wp-json\/wp\/v2\/posts\/2543\/revisions\/3319"}],"wp:featuredmedia":[{"embeddable":true,"href":"https:\/\/inclusioaltemporda.cat\/portal\/wp-json\/wp\/v2\/media\/2546"}],"wp:attachment":[{"href":"https:\/\/inclusioaltemporda.cat\/portal\/wp-json\/wp\/v2\/media?parent=2543"}],"wp:term":[{"taxonomy":"category","embeddable":true,"href":"https:\/\/inclusioaltemporda.cat\/portal\/wp-json\/wp\/v2\/categories?post=2543"},{"taxonomy":"post_tag","embeddable":true,"href":"https:\/\/inclusioaltemporda.cat\/portal\/wp-json\/wp\/v2\/tags?post=2543"}],"curies":[{"name":"wp","href":"https:\/\/api.w.org\/{rel}","templated":true}]}}