{"id":2555,"date":"2013-10-17T12:06:30","date_gmt":"2013-10-17T11:06:30","guid":{"rendered":"https:\/\/inclusioaltemporda.cat\/portal\/?p=2555"},"modified":"2016-02-01T09:23:53","modified_gmt":"2016-02-01T08:23:53","slug":"dia-internacional-contra-la-pobresa","status":"publish","type":"post","link":"https:\/\/inclusioaltemporda.cat\/portal\/dia-internacional-contra-la-pobresa\/","title":{"rendered":"Dia Internacional contra la Pobresa"},"content":{"rendered":"<p><!--:CA-->L&#8217;any 1993, l\u2019<a href=\"http:\/\/www.un.org\/en\/events\/povertyday\/\" target=\"_blank\">Assemblea General de Nacions Unides<\/a> aprov\u00e0 la resoluci\u00f3 47\/196, que estableix el 17 d\u2019octubre com a Dia internacional per a l\u2019eradicaci\u00f3 de la pobresa. A Catalunya, diverses institucions, plataformes i organitzacions no lucratives commemoren aquesta jornada alertant sobre la pobresa que patim al nostre pa\u00eds i sobre la necessitat de conscienciar el conjunt de la poblaci\u00f3 sobre la import\u00e0ncia d&#8217;eradicar la pobresa i la indig\u00e8ncia arreu.<\/p>\n<p>En el marc de la campanya Pobresa Zero, impulsada per 4.200 organitzacions de l&#8217;\u00e0mbit de l&#8217;acci\u00f3 social a Catalunya, la promoci\u00f3 de pau, la defensa dels drets humans i la cooperaci\u00f3 per al desenvolupament, s&#8217;ha elaborat un <a href=\"http:\/\/77.246.179.85\/aa_upload\/7dc10f2cdabf56575884fff9bafc49b5\/Manifest_Pobresa_Zero_2013.pdf\" target=\"_blank\">manifest per commemorar la diada <\/a>en que es reclama l&#8217;activaci\u00f3 de pol\u00edtiques i recursos p\u00fablics per tal de combatre els processos d&#8217;empobriment que l&#8217;actual situaci\u00f3 de crisi econ\u00f2mica ha agreujat, i que cada cop afecten m\u00e9s capes de la societat.<\/p>\n<p>Per quart any consecutiu, la <a href=\"http:\/\/www.tercersector.cat\/\" target=\"_blank\">Taula d\u2019entitats del Tercer Sector<\/a> organitza un acte institucional en motiu del dia Internacional Contra la Pobresa. Enguany, l\u2019acte compta amb la col\u00b7laboraci\u00f3 de la Federaci\u00f3 catalana d\u2019ONG pel Desenvolupament, Pau i Drets Humans. L\u2019acte se celebrar\u00e0 a les 18h al CAT del barri de Gr\u00e0cia de Barcelona, i comptar\u00e0 amb les intervencions de l\u2019alcalde de Barcelona, Xavier Trias, la consellera de Benestar Social i fam\u00edlia, Neus Munt\u00e9, \u00c0ngels Guiteras, presidenta de la Taula de Tercer Sector social i M\u00edriam Acebillo, presidenta de la Federaci\u00f3 Catalana d\u2019ONG pel Desenvolupament Pau i Drets humans.<\/p>\n<p>Les darreres dades de les que es disposen indiquen que l&#8217;any 2011 la taxa de risc de pobresa a Catalunya era del 19,1% (18% entre els homes i 20&#8217;3% entre les dones). En aquest sentit, el darrer <a href=\"http:\/\/www.foessa.es\/publicaciones_compra.aspx?Id=4705&amp;Idioma=1&amp;Diocesis=42\" target=\"_blank\">Informe de l&#8217;Observatori de la Realitat Social<\/a> de Caritas Espanyola, elaborat recentment per la Fundaci\u00f3 FOESSA, constata que en els darrers anys s&#8217;ha produ\u00eft un descens de la renda mitjana de la poblaci\u00f3 per al conjunt de l&#8217;Estat, provocant un empobriment global de la societat, i afectant especialment les persones i fam\u00edlies m\u00e9s vulnerables (poblaci\u00f3 amb baixa intensitat laboral, immigrants extracomunitaris, llars monoparentals i persones sense sostre).<!--:--><!--:en-->L&#8217;any 1993, l\u2019<a href=\"http:\/\/www.un.org\/en\/events\/povertyday\/\" target=\"_blank\">Assemblea General de Nacions Unides<\/a> aprov\u00e0 la resoluci\u00f3 47\/196, que estableix el 17 d\u2019octubre com a Dia internacional per a l\u2019eradicaci\u00f3 de la pobresa.<\/p>\n<p>A Catalunya, diverses institucions, plataformes i organitzacions no lucratives commemoren aquesta jornada alertant sobre la pobresa que patim al nostre pa\u00eds i sobre la necessitat de conscienciar el conjunt de la poblaci\u00f3 sobre la import\u00e0ncia d&#8217;eradicar la pobresa i la indig\u00e8ncia arreu.<\/p>\n<p>En el marc de la campanya Pobresa Zero, impulsada per 4.200 organitzacions de l&#8217;\u00e0mbit de l&#8217;acci\u00f3 social a Catalunya, la promoci\u00f3 de pau, la defensa dels drets humans i la cooperaci\u00f3 per al desenvolupament, s&#8217;ha elaborat un <a href=\"http:\/\/77.246.179.85\/aa_upload\/7dc10f2cdabf56575884fff9bafc49b5\/Manifest_Pobresa_Zero_2013.pdf\" target=\"_blank\">manifest per commemorar la diada <\/a>en que es reclama l&#8217;activaci\u00f3 de pol\u00edtiques i recursos p\u00fablics per tal de combatre els processos d&#8217;empobriment que l&#8217;actual situaci\u00f3 de crisi econ\u00f2mica ha agreujat, i que cada cop afecten m\u00e9s capes de la societat.<\/p>\n<p>Per quart any consecutiu, la <a href=\"http:\/\/www.tercersector.cat\/\" target=\"_blank\">Taula d\u2019entitats del Tercer Sector<\/a> organitza un acte institucional en motiu del dia Internacional Contra la Pobresa. Enguany, l\u2019acte compta amb la col\u00b7laboraci\u00f3 de la Federaci\u00f3 catalana d\u2019ONG pel Desenvolupament, Pau i Drets Humans. L\u2019acte se celebrar\u00e0 a les 18h al CAT del barri de Gr\u00e0cia de Barcelona, i comptar\u00e0 amb les intervencions de l\u2019alcalde de Barcelona, Xavier Trias, la consellera de Benestar Social i fam\u00edlia, Neus Munt\u00e9, \u00c0ngels Guiteras, presidenta de la Taula de Tercer Sector social i M\u00edriam Acebillo, presidenta de la Federaci\u00f3 Catalana d\u2019ONG pel Desenvolupament Pau i Drets humans.<\/p>\n<p>Les darreres dades de les que es disposen indiquen que l&#8217;any 2011 la taxa de risc de pobresa a Catalunya era del 19,1% (18% entre els homes i 20&#8217;3% entre les dones). En aquest sentit, el darrer <a href=\"http:\/\/www.foessa.es\/publicaciones_compra.aspx?Id=4705&amp;Idioma=1&amp;Diocesis=42\" target=\"_blank\">Informe de l&#8217;Observatori de la Realitat Social<\/a> de Caritas Espanyola, elaborat recentment per la Fundaci\u00f3 FOESSA, constata el descens de la renda mitjana de la poblaci\u00f3 per al conjunt de l&#8217;Estat, provocant un empobriment global de la societat, i afectant especialment les persones i fam\u00edlies m\u00e9s vulnerables (poblaci\u00f3 amb baixa intensitat laboral, immigrants extracomunitaris, llars monoparentals i persones sense sostre).<!--:--><!--:fr-->L&#8217;any 1993, l\u2019<a href=\"http:\/\/www.un.org\/en\/events\/povertyday\/\" target=\"_blank\">Assemblea General de Nacions Unides<\/a> aprov\u00e0 la resoluci\u00f3 47\/196, que estableix el 17 d\u2019octubre com a Dia internacional per a l\u2019eradicaci\u00f3 de la pobresa.<\/p>\n<p>A Catalunya, diverses institucions, plataformes i organitzacions no lucratives commemoren aquesta jornada alertant sobre la pobresa que patim al nostre pa\u00eds i sobre la necessitat de conscienciar el conjunt de la poblaci\u00f3 sobre la import\u00e0ncia d&#8217;eradicar la pobresa i la indig\u00e8ncia arreu.<\/p>\n<p>En el marc de la campanya Pobresa Zero, impulsada per 4.200 organitzacions de l&#8217;\u00e0mbit de l&#8217;acci\u00f3 social a Catalunya, la promoci\u00f3 de pau, la defensa dels drets humans i la cooperaci\u00f3 per al desenvolupament, s&#8217;ha elaborat un <a href=\"http:\/\/77.246.179.85\/aa_upload\/7dc10f2cdabf56575884fff9bafc49b5\/Manifest_Pobresa_Zero_2013.pdf\" target=\"_blank\">manifest per commemorar la diada <\/a>en que es reclama l&#8217;activaci\u00f3 de pol\u00edtiques i recursos p\u00fablics per tal de combatre els processos d&#8217;empobriment que l&#8217;actual situaci\u00f3 de crisi econ\u00f2mica ha agreujat, i que cada cop afecten m\u00e9s capes de la societat.<\/p>\n<p>Per quart any consecutiu, la <a href=\"http:\/\/www.tercersector.cat\/\" target=\"_blank\">Taula d\u2019entitats del Tercer Sector<\/a> organitza un acte institucional en motiu del dia Internacional Contra la Pobresa. Enguany, l\u2019acte compta amb la col\u00b7laboraci\u00f3 de la Federaci\u00f3 catalana d\u2019ONG pel Desenvolupament, Pau i Drets Humans. L\u2019acte se celebrar\u00e0 a les 18h al CAT del barri de Gr\u00e0cia de Barcelona, i comptar\u00e0 amb les intervencions de l\u2019alcalde de Barcelona, Xavier Trias, la consellera de Benestar Social i fam\u00edlia, Neus Munt\u00e9, \u00c0ngels Guiteras, presidenta de la Taula de Tercer Sector social i M\u00edriam Acebillo, presidenta de la Federaci\u00f3 Catalana d\u2019ONG pel Desenvolupament Pau i Drets humans.<\/p>\n<p>Les darreres dades de les que es disposen indiquen que l&#8217;any 2011 la taxa de risc de pobresa a Catalunya era del 19,1% (18% entre els homes i 20&#8217;3% entre les dones). En aquest sentit, el darrer <a href=\"http:\/\/www.foessa.es\/publicaciones_compra.aspx?Id=4705&amp;Idioma=1&amp;Diocesis=42\" target=\"_blank\">Informe de l&#8217;Observatori de la Realitat Social<\/a> de Caritas Espanyola, elaborat recentment per la Fundaci\u00f3 FOESSA, constata el descens de la renda mitjana de la poblaci\u00f3 per al conjunt de l&#8217;Estat, provocant un empobriment global de la societat, i afectant especialment les persones i fam\u00edlies m\u00e9s vulnerables (poblaci\u00f3 amb baixa intensitat laboral, immigrants extracomunitaris, llars monoparentals i persones sense sostre).<!--:--><!--:es-->L&#8217;any 1993, l\u2019<a href=\"http:\/\/www.un.org\/en\/events\/povertyday\/\" target=\"_blank\">Assemblea General de Nacions Unides<\/a> aprov\u00e0 la resoluci\u00f3 47\/196, que estableix el 17 d\u2019octubre com a Dia internacional per a l\u2019eradicaci\u00f3 de la pobresa.<\/p>\n<p>A Catalunya, diverses institucions, plataformes i organitzacions no lucratives commemoren aquesta jornada alertant sobre la pobresa que patim al nostre pa\u00eds i sobre la necessitat de conscienciar el conjunt de la poblaci\u00f3 sobre la import\u00e0ncia d&#8217;eradicar la pobresa i la indig\u00e8ncia arreu.<\/p>\n<p>En el marc de la campanya Pobresa Zero, impulsada per 4.200 organitzacions de l&#8217;\u00e0mbit de l&#8217;acci\u00f3 social a Catalunya, la promoci\u00f3 de pau, la defensa dels drets humans i la cooperaci\u00f3 per al desenvolupament, s&#8217;ha elaborat un <a href=\"http:\/\/77.246.179.85\/aa_upload\/7dc10f2cdabf56575884fff9bafc49b5\/Manifest_Pobresa_Zero_2013.pdf\" target=\"_blank\">manifest per commemorar la diada <\/a>en que es reclama l&#8217;activaci\u00f3 de pol\u00edtiques i recursos p\u00fablics per tal de combatre els processos d&#8217;empobriment que l&#8217;actual situaci\u00f3 de crisi econ\u00f2mica ha agreujat, i que cada cop afecten m\u00e9s capes de la societat.<\/p>\n<p>Per quart any consecutiu, la <a href=\"http:\/\/www.tercersector.cat\/\" target=\"_blank\">Taula d\u2019entitats del Tercer Sector<\/a> organitza un acte institucional en motiu del dia Internacional Contra la Pobresa. Enguany, l\u2019acte compta amb la col\u00b7laboraci\u00f3 de la Federaci\u00f3 catalana d\u2019ONG pel Desenvolupament, Pau i Drets Humans. L\u2019acte se celebrar\u00e0 a les 18h al CAT del barri de Gr\u00e0cia de Barcelona, i comptar\u00e0 amb les intervencions de l\u2019alcalde de Barcelona, Xavier Trias, la consellera de Benestar Social i fam\u00edlia, Neus Munt\u00e9, \u00c0ngels Guiteras, presidenta de la Taula de Tercer Sector social i M\u00edriam Acebillo, presidenta de la Federaci\u00f3 Catalana d\u2019ONG pel Desenvolupament Pau i Drets humans.<\/p>\n<p>Les darreres dades de les que es disposen indiquen que l&#8217;any 2011 la taxa de risc de pobresa a Catalunya era del 19,1% (18% entre els homes i 20&#8217;3% entre les dones). En aquest sentit, el darrer <a href=\"http:\/\/www.foessa.es\/publicaciones_compra.aspx?Id=4705&amp;Idioma=1&amp;Diocesis=42\" target=\"_blank\">Informe de l&#8217;Observatori de la Realitat Social<\/a> de Caritas Espanyola, elaborat recentment per la Fundaci\u00f3 FOESSA, constata el descens de la renda mitjana de la poblaci\u00f3 per al conjunt de l&#8217;Estat, provocant un empobriment global de la societat, i afectant especialment les persones i fam\u00edlies m\u00e9s vulnerables (poblaci\u00f3 amb baixa intensitat laboral, immigrants extracomunitaris, llars monoparentals i persones sense sostre).<!--:--><\/p>\n","protected":false},"excerpt":{"rendered":"<p>L&#8217;any 1993, l\u2019Assemblea General de Nacions Unides aprov\u00e0 la resoluci\u00f3 47\/196, que estableix el 17 d\u2019octubre com a Dia internacional per a l\u2019eradicaci\u00f3 de la pobresa. A Catalunya, diverses institucions,&hellip;<\/p>\n","protected":false},"author":2,"featured_media":916,"comment_status":"closed","ping_status":"closed","sticky":false,"template":"","format":"standard","meta":{"footnotes":""},"categories":[106,100,101,105,104,103,108],"tags":[52,24],"class_list":["post-2555","post","type-post","status-publish","format-standard","has-post-thumbnail","hentry","category-administracions","category-area-benestar","category-ciutadania","category-empreses","category-entitats-socials","category-estudiants-escoles-instituts","category-mitjans-comunicacio","tag-entitats-de-la-taula","tag-inclusio-social","category-106","category-100","category-101","category-105","category-104","category-103","category-108","description-off"],"_links":{"self":[{"href":"https:\/\/inclusioaltemporda.cat\/portal\/wp-json\/wp\/v2\/posts\/2555","targetHints":{"allow":["GET"]}}],"collection":[{"href":"https:\/\/inclusioaltemporda.cat\/portal\/wp-json\/wp\/v2\/posts"}],"about":[{"href":"https:\/\/inclusioaltemporda.cat\/portal\/wp-json\/wp\/v2\/types\/post"}],"author":[{"embeddable":true,"href":"https:\/\/inclusioaltemporda.cat\/portal\/wp-json\/wp\/v2\/users\/2"}],"replies":[{"embeddable":true,"href":"https:\/\/inclusioaltemporda.cat\/portal\/wp-json\/wp\/v2\/comments?post=2555"}],"version-history":[{"count":6,"href":"https:\/\/inclusioaltemporda.cat\/portal\/wp-json\/wp\/v2\/posts\/2555\/revisions"}],"predecessor-version":[{"id":3614,"href":"https:\/\/inclusioaltemporda.cat\/portal\/wp-json\/wp\/v2\/posts\/2555\/revisions\/3614"}],"wp:featuredmedia":[{"embeddable":true,"href":"https:\/\/inclusioaltemporda.cat\/portal\/wp-json\/wp\/v2\/media\/916"}],"wp:attachment":[{"href":"https:\/\/inclusioaltemporda.cat\/portal\/wp-json\/wp\/v2\/media?parent=2555"}],"wp:term":[{"taxonomy":"category","embeddable":true,"href":"https:\/\/inclusioaltemporda.cat\/portal\/wp-json\/wp\/v2\/categories?post=2555"},{"taxonomy":"post_tag","embeddable":true,"href":"https:\/\/inclusioaltemporda.cat\/portal\/wp-json\/wp\/v2\/tags?post=2555"}],"curies":[{"name":"wp","href":"https:\/\/api.w.org\/{rel}","templated":true}]}}