{"id":2567,"date":"2013-10-21T09:41:23","date_gmt":"2013-10-21T08:41:23","guid":{"rendered":"https:\/\/inclusioaltemporda.cat\/portal\/?p=2567"},"modified":"2016-02-01T09:23:53","modified_gmt":"2016-02-01T08:23:53","slug":"nova-conferencia-de-les-aules-de-la-gent-gran","status":"publish","type":"post","link":"https:\/\/inclusioaltemporda.cat\/portal\/nova-conferencia-de-les-aules-de-la-gent-gran\/","title":{"rendered":"Nova confer\u00e8ncia de les Aules de la Gent Gran"},"content":{"rendered":"<p><!--:CA-->L&#8217;Associaci\u00f3 per a la formaci\u00f3 cultural de la Gent Gran de l&#8217;Alt Empord\u00e0 celebrar\u00e0 el proper dimecres 23 d&#8217;octubre una nova confer\u00e8ncia de les Aules de formaci\u00f3 per a Gent Gran, que organitza mensualment. L&#8217;activitat, que es dur\u00e0 a terme a l&#8217;auditori del Cercle Sport de Figueres a les 17:30h, portar\u00e0 per t\u00edtol <a href=\"https:\/\/inclusioaltemporda.cat\/portal\/wp-content\/uploads\/Aules-octubre.pdf\">&#8220;El desgel hum\u00e0 i el canvi clim\u00e0tic&#8221;<\/a> i anir\u00e0 a c\u00e0rrec de <a href=\"http:\/\/culturainuit.wordpress.com\/\" target=\"_blank\">Francesc Bail\u00f3n<\/a>, antrop\u00f2leg i guia de viatges culturals a l&#8217;\u00c0rtic.<\/p>\n<p>Des de la seva fundaci\u00f3, l&#8217;any 2006, l\u2019Associaci\u00f3 per a la formaci\u00f3 cultural de la Gent Gran de l\u2019Alt Empord\u00e0, membre del Consell Consultiu de la Gent Gran de l&#8217;Alt Empord\u00e0, ha organitzat any rere any cursos de formaci\u00f3 cultural amb la voluntat d\u2019oferir una proposta de formaci\u00f3 dirigida a les persones de m\u00e9s de 50 anys de la comarca, que sense necessitat de disposar de titulaci\u00f3 pr\u00e8via, estiguin interessades en els diferents cicles de confer\u00e8ncies tem\u00e0tiques impartides per docents o professionals experts en les mat\u00e8ries.<\/p>\n<p><!--:--><\/p>\n","protected":false},"excerpt":{"rendered":"<p>L&#8217;Associaci\u00f3 per a la formaci\u00f3 cultural de la Gent Gran de l&#8217;Alt Empord\u00e0 celebrar\u00e0 el proper dimecres 23 d&#8217;octubre una nova confer\u00e8ncia de les Aules de formaci\u00f3 per a Gent&hellip;<\/p>\n","protected":false},"author":2,"featured_media":2496,"comment_status":"closed","ping_status":"closed","sticky":false,"template":"","format":"standard","meta":{"footnotes":""},"categories":[100,101,104,108],"tags":[86,47,37,117,38,24,17,51],"class_list":["post-2567","post","type-post","status-publish","format-standard","has-post-thumbnail","hentry","category-area-benestar","category-ciutadania","category-entitats-socials","category-mitjans-comunicacio","tag-aules-gent-gran","tag-consell-consultiu","tag-envelliment-actiu","tag-formacio-ca","tag-gent-gran","tag-inclusio-social","tag-taula","tag-voluntariat","category-100","category-101","category-104","category-108","description-off"],"_links":{"self":[{"href":"https:\/\/inclusioaltemporda.cat\/portal\/wp-json\/wp\/v2\/posts\/2567","targetHints":{"allow":["GET"]}}],"collection":[{"href":"https:\/\/inclusioaltemporda.cat\/portal\/wp-json\/wp\/v2\/posts"}],"about":[{"href":"https:\/\/inclusioaltemporda.cat\/portal\/wp-json\/wp\/v2\/types\/post"}],"author":[{"embeddable":true,"href":"https:\/\/inclusioaltemporda.cat\/portal\/wp-json\/wp\/v2\/users\/2"}],"replies":[{"embeddable":true,"href":"https:\/\/inclusioaltemporda.cat\/portal\/wp-json\/wp\/v2\/comments?post=2567"}],"version-history":[{"count":3,"href":"https:\/\/inclusioaltemporda.cat\/portal\/wp-json\/wp\/v2\/posts\/2567\/revisions"}],"predecessor-version":[{"id":3316,"href":"https:\/\/inclusioaltemporda.cat\/portal\/wp-json\/wp\/v2\/posts\/2567\/revisions\/3316"}],"wp:featuredmedia":[{"embeddable":true,"href":"https:\/\/inclusioaltemporda.cat\/portal\/wp-json\/wp\/v2\/media\/2496"}],"wp:attachment":[{"href":"https:\/\/inclusioaltemporda.cat\/portal\/wp-json\/wp\/v2\/media?parent=2567"}],"wp:term":[{"taxonomy":"category","embeddable":true,"href":"https:\/\/inclusioaltemporda.cat\/portal\/wp-json\/wp\/v2\/categories?post=2567"},{"taxonomy":"post_tag","embeddable":true,"href":"https:\/\/inclusioaltemporda.cat\/portal\/wp-json\/wp\/v2\/tags?post=2567"}],"curies":[{"name":"wp","href":"https:\/\/api.w.org\/{rel}","templated":true}]}}