{"id":2571,"date":"2013-10-22T08:56:46","date_gmt":"2013-10-22T07:56:46","guid":{"rendered":"https:\/\/inclusioaltemporda.cat\/portal\/?p=2571"},"modified":"2016-02-01T09:23:53","modified_gmt":"2016-02-01T08:23:53","slug":"el-projecte-dintegracio-educativa-i-social-de-noies-adolescents-dorigen-marroqui-de-la-jonquera-rep-un-dels-premis-francesc-candel","status":"publish","type":"post","link":"https:\/\/inclusioaltemporda.cat\/portal\/el-projecte-dintegracio-educativa-i-social-de-noies-adolescents-dorigen-marroqui-de-la-jonquera-rep-un-dels-premis-francesc-candel\/","title":{"rendered":"El projecte d&#8217;integraci\u00f3 educativa i social de noies adolescents d&#8217;origen marroqu\u00ed de La Jonquera rep un dels Premis Francesc Candel"},"content":{"rendered":"<p><!--:CA-->El projecte d&#8217;integraci\u00f3 educativa i social de noies adolescents d&#8217;origen marroqu\u00ed promogut per l&#8217;\u00e0rea de Benestar del Consell Comarcal i l&#8217;IES la Jonquera rep avui un dels <a title=\"Premis Francesc Candel\" href=\"http:\/\/www.fundaciolluiscarulla.com\/cat\/premios_dinamicos2.cfm?id_premio=1\">Premis Francesc Candel<\/a> que atorga anualment la Fundaci\u00f3 Llu\u00eds Carulla. L\u2019acte de lliurament del premi es far\u00e0 aquest vespre al Pati Llimona de Barcelona.<\/p>\n<p>Els Premis Francesc Candel s\u00f3n convocats per la Fundaci\u00f3 Llu\u00eds Carulla amb el suport de la direcci\u00f3 general d&#8217;Immigraci\u00f3 de la Generalitat de Catalunya. Aquests premis estan destinats a recon\u00e8ixer i difondre les bones pr\u00e0ctiques en l&#8217;\u00e0mbit de la integraci\u00f3 de les persones d&#8217;origen immigrant. La dotaci\u00f3 \u00e9s de cinc premis de 3.000 euros per a cadascuna de les bones pr\u00e0ctiques premiades.El jurat ha guardonat el projecte d&#8217;integraci\u00f3 educativa i social de noies adolescents d&#8217;origen marroqu\u00ed de l&#8217;IES La Jonquera &#8220;perqu\u00e8 combat la problem\u00e0tica de l&#8217;absentisme escolar, l&#8217;escassa integraci\u00f3 amb els companys i la falta de motivaci\u00f3 de les noie adolescents d&#8217;origen marroqu\u00ed amb una metodologia de treball sist\u00e8mica que implica les fam\u00edlies, l&#8217;equip directiu del centre, la resta de l&#8217;alumnat i referents feminins externs del mateix origen que han assolit estudis superiors universitaris. La innovaci\u00f3 de la proposta, la claredat i l&#8217;estructuraci\u00f3 del proc\u00e9s, la bona resposta de les parts implicades i l&#8217;efectivitat dels resultats fan que el projecte sigui aplicable a altres centres educatius amb problem\u00e0tiques semblants&#8221;.<\/p>\n<p>Aquest projecte d&#8217;intervenci\u00f3 grupal a La Jonquera ha comptat amb la col\u00b7laboraci\u00f3 de l&#8217;INS de La Jonquera i el finan\u00e7ament del Ministeri de Treball i Immigraci\u00f3 i del Fons Europeu per a la Integraci\u00f3.<\/p>\n<p style=\"text-align: justify;\">Els altres guardonats amb el Premi Francesc Candel d&#8217;enguany han estat el Programa Llengua i cohesi\u00f3 social de l&#8217;Associaci\u00f3 Amaziga CAT-ARIF de Sant Adri\u00e0 de Bes\u00f2s; l&#8217;activitat &#8220;Sempre surt el sol&#8221; del Consell Comarcal de La Segarra; el Projecte SICAR cat, d&#8217;atenci\u00f3 a dones v\u00edctimes de tr\u00e0fic de persones amb finalitats d&#8217;explotaci\u00f3 sexual de les Religioses Adoratrius de Barcelona i el Projecte de suport a noies sud-saharianes que estudien batxillerat de l&#8217;Associaci\u00f3 de Suport a les Joves Sud-saharianes del Pla de l&#8217;Estany.<\/p>\n<p><!--:--><\/p>\n","protected":false},"excerpt":{"rendered":"<p>El projecte d&#8217;integraci\u00f3 educativa i social de noies adolescents d&#8217;origen marroqu\u00ed promogut per l&#8217;\u00e0rea de Benestar del Consell Comarcal i l&#8217;IES la Jonquera rep avui un dels Premis Francesc Candel&hellip;<\/p>\n","protected":false},"author":3,"featured_media":1348,"comment_status":"closed","ping_status":"closed","sticky":false,"template":"","format":"standard","meta":{"footnotes":""},"categories":[106,100,101,105,104,103,108],"tags":[119,27,24,62],"class_list":["post-2571","post","type-post","status-publish","format-standard","has-post-thumbnail","hentry","category-administracions","category-area-benestar","category-ciutadania","category-empreses","category-entitats-socials","category-estudiants-escoles-instituts","category-mitjans-comunicacio","tag-agenda-ca","tag-benestar-ccae","tag-inclusio-social","tag-pla-ciutadania-i-immigracio","category-106","category-100","category-101","category-105","category-104","category-103","category-108","description-off"],"_links":{"self":[{"href":"https:\/\/inclusioaltemporda.cat\/portal\/wp-json\/wp\/v2\/posts\/2571","targetHints":{"allow":["GET"]}}],"collection":[{"href":"https:\/\/inclusioaltemporda.cat\/portal\/wp-json\/wp\/v2\/posts"}],"about":[{"href":"https:\/\/inclusioaltemporda.cat\/portal\/wp-json\/wp\/v2\/types\/post"}],"author":[{"embeddable":true,"href":"https:\/\/inclusioaltemporda.cat\/portal\/wp-json\/wp\/v2\/users\/3"}],"replies":[{"embeddable":true,"href":"https:\/\/inclusioaltemporda.cat\/portal\/wp-json\/wp\/v2\/comments?post=2571"}],"version-history":[{"count":7,"href":"https:\/\/inclusioaltemporda.cat\/portal\/wp-json\/wp\/v2\/posts\/2571\/revisions"}],"predecessor-version":[{"id":3616,"href":"https:\/\/inclusioaltemporda.cat\/portal\/wp-json\/wp\/v2\/posts\/2571\/revisions\/3616"}],"wp:featuredmedia":[{"embeddable":true,"href":"https:\/\/inclusioaltemporda.cat\/portal\/wp-json\/wp\/v2\/media\/1348"}],"wp:attachment":[{"href":"https:\/\/inclusioaltemporda.cat\/portal\/wp-json\/wp\/v2\/media?parent=2571"}],"wp:term":[{"taxonomy":"category","embeddable":true,"href":"https:\/\/inclusioaltemporda.cat\/portal\/wp-json\/wp\/v2\/categories?post=2571"},{"taxonomy":"post_tag","embeddable":true,"href":"https:\/\/inclusioaltemporda.cat\/portal\/wp-json\/wp\/v2\/tags?post=2571"}],"curies":[{"name":"wp","href":"https:\/\/api.w.org\/{rel}","templated":true}]}}