{"id":2577,"date":"2013-10-23T10:19:29","date_gmt":"2013-10-23T09:19:29","guid":{"rendered":"https:\/\/inclusioaltemporda.cat\/portal\/?p=2577"},"modified":"2016-02-01T09:23:53","modified_gmt":"2016-02-01T08:23:53","slug":"jornades-formatives-sobre-noves-tecnologies-per-a-empreses-i-entitats","status":"publish","type":"post","link":"https:\/\/inclusioaltemporda.cat\/portal\/jornades-formatives-sobre-noves-tecnologies-per-a-empreses-i-entitats\/","title":{"rendered":"Jornades formatives sobre noves tecnologies per a empreses i entitats"},"content":{"rendered":"<p><!--:CA--><\/p>\n<p style=\"text-align: justify;\">L&#8217;\u00e0rea de Promoci\u00f3 Econ\u00f2mica del Consell Comarcal de l&#8217;Alt Empord\u00e0 ha posat en marxa un nou cicle de jornades formatives sobre noves tecnologies. Aquestes sessions de formaci\u00f3, obertes a empreses, entitats i emprenedors de la comarca, tenen car\u00e0cter gratu\u00eft i faciliten coneixement sobre la gesti\u00f3 i \u00fas de noves eines tecnol\u00f2giques.<\/p>\n<p style=\"text-align: justify;\"><span style=\"text-align: justify;\">Les sessions, que van comen\u00e7ar el 14 d&#8217;octubre passat, van a c\u00e0rrec de professionals que provenen d&#8217;empreses del sector establertes a la comarca. En total, s&#8217;han previst 11 sessions que tindran lloc al llarg dels mesos d&#8217;octubre i novembre a la sala de plens del Consell Comarcal.<br \/>\n<\/span><\/p>\n<p style=\"text-align: justify;\">Si teniu inter\u00e8s a con\u00e8ixer les properes sessions programades i a participar, ho podeu fer mitjan\u00e7ant el seg\u00fcent<a title=\"enlla\u00e7\" href=\"http:\/\/www.altempordapromocioeconomica.com\/index.php\/veure\/veure_newsletter\/58\/457\/dcanals@altemporda.org#JORNADES%20FORMATIVES%20GRATU%C3%8FTES%20DE%20NOVES%20TECNOLOGIES\"> enlla\u00e7<\/a>\u00a0 des d&#8217;on podeu gestionar la vostra inscripci\u00f3 <em>online<\/em>. Si voleu m\u00e9s informaci\u00f3 podeu contactar amb l&#8217;\u00c0rea de Promoci\u00f3 Econ\u00f2mica del Consell Comarcal (c. Clerch i Nicolau, 4- Figueres- Tel. 972 51 44 70 &#8211; infoempresa@altemporda.org).<\/p>\n<p><!--:--><\/p>\n","protected":false},"excerpt":{"rendered":"<p>L&#8217;\u00e0rea de Promoci\u00f3 Econ\u00f2mica del Consell Comarcal de l&#8217;Alt Empord\u00e0 ha posat en marxa un nou cicle de jornades formatives sobre noves tecnologies. Aquestes sessions de formaci\u00f3, obertes a empreses,&hellip;<\/p>\n","protected":false},"author":3,"featured_media":2578,"comment_status":"closed","ping_status":"closed","sticky":false,"template":"","format":"standard","meta":{"footnotes":""},"categories":[106,101,105,104,108],"tags":[34,52,24],"class_list":["post-2577","post","type-post","status-publish","format-standard","has-post-thumbnail","hentry","category-administracions","category-ciutadania","category-empreses","category-entitats-socials","category-mitjans-comunicacio","tag-aula-professionals","tag-entitats-de-la-taula","tag-inclusio-social","category-106","category-101","category-105","category-104","category-108","description-off"],"_links":{"self":[{"href":"https:\/\/inclusioaltemporda.cat\/portal\/wp-json\/wp\/v2\/posts\/2577","targetHints":{"allow":["GET"]}}],"collection":[{"href":"https:\/\/inclusioaltemporda.cat\/portal\/wp-json\/wp\/v2\/posts"}],"about":[{"href":"https:\/\/inclusioaltemporda.cat\/portal\/wp-json\/wp\/v2\/types\/post"}],"author":[{"embeddable":true,"href":"https:\/\/inclusioaltemporda.cat\/portal\/wp-json\/wp\/v2\/users\/3"}],"replies":[{"embeddable":true,"href":"https:\/\/inclusioaltemporda.cat\/portal\/wp-json\/wp\/v2\/comments?post=2577"}],"version-history":[{"count":6,"href":"https:\/\/inclusioaltemporda.cat\/portal\/wp-json\/wp\/v2\/posts\/2577\/revisions"}],"predecessor-version":[{"id":3617,"href":"https:\/\/inclusioaltemporda.cat\/portal\/wp-json\/wp\/v2\/posts\/2577\/revisions\/3617"}],"wp:featuredmedia":[{"embeddable":true,"href":"https:\/\/inclusioaltemporda.cat\/portal\/wp-json\/wp\/v2\/media\/2578"}],"wp:attachment":[{"href":"https:\/\/inclusioaltemporda.cat\/portal\/wp-json\/wp\/v2\/media?parent=2577"}],"wp:term":[{"taxonomy":"category","embeddable":true,"href":"https:\/\/inclusioaltemporda.cat\/portal\/wp-json\/wp\/v2\/categories?post=2577"},{"taxonomy":"post_tag","embeddable":true,"href":"https:\/\/inclusioaltemporda.cat\/portal\/wp-json\/wp\/v2\/tags?post=2577"}],"curies":[{"name":"wp","href":"https:\/\/api.w.org\/{rel}","templated":true}]}}