{"id":2584,"date":"2013-10-24T08:48:47","date_gmt":"2013-10-24T07:48:47","guid":{"rendered":"https:\/\/inclusioaltemporda.cat\/portal\/?p=2584"},"modified":"2016-02-01T09:23:52","modified_gmt":"2016-02-01T08:23:53","slug":"es-constitueix-la-comissio-de-seguiment-del-pla-per-a-la-inclusio-i-la-cohesio-social-alt-emporda-2013-2016","status":"publish","type":"post","link":"https:\/\/inclusioaltemporda.cat\/portal\/es-constitueix-la-comissio-de-seguiment-del-pla-per-a-la-inclusio-i-la-cohesio-social-alt-emporda-2013-2016\/","title":{"rendered":"Es constitueix la Comissi\u00f3 de Seguiment del Pla per a la Inclusi\u00f3 i la Cohesi\u00f3 Social Alt Empord\u00e0 2013-2016"},"content":{"rendered":"<p><!--:CA-->Aquest mat\u00ed es constituir\u00e0 a la sala de Plens del Consell Comarcal la Comissi\u00f3 de Seguiment del Pla per a la Inclusi\u00f3 i la Cohesi\u00f3 Social de l&#8217;Alt Empord\u00e0 2013-2016, que t\u00e9 com a missi\u00f3 vetllar pel compliment dels compromisos, els objectius i les accions d&#8217;aquest Pla aprovat el mes de juliol passat.<\/p>\n<p>La Comissi\u00f3, integrada pels coordinadors i t\u00e8cnics de les \u00e0rees de Benestar, Promoci\u00f3 Econ\u00f2mica, Joventut, Habitatge, Ensenyament i Medi Ambient del Consell Comarcal i pels responsables t\u00e8cnics de Benestar i Promoci\u00f3 Econ\u00f2mica dels ajuntaments de Castell\u00f3 d&#8217;Emp\u00faries, La Jonquera, L&#8217;Escala i Roses, es reunir\u00e0 mensualment per monitorar el grau de compliment de les accions del Pla, per posar en marxa aquelles accions responsabilitat de cada \u00e0rea i ajuntaments i crear equips de treball conjunts quan les accions aix\u00ed ho requereixin.<\/p>\n<p>La Comissi\u00f3 de Seguiment del Pla publicar\u00e0 2 informes a l&#8217;any en qu\u00e8 exposar\u00e0 l&#8217;estat d&#8217;implementaci\u00f3 del Pla a partir d&#8217;una bateria d&#8217;indicadors de gesti\u00f3, de resultat i d&#8217;impacte que permetran mesurar el grau de compliment dels objectius i les accions proposades en el Pla.<\/p>\n<p>Aquest mat\u00ed tamb\u00e9 es reunir\u00e0 la Taula per a la Inclusi\u00f3 de l&#8217;Alt Empord\u00e0 que reuneix a prop de 20 entitats socials de la comarca per posar en marxa conjuntament les accions del Pla que van ser acordades en el seu moment. La Taula per a la Inclusi\u00f3 tamb\u00e9 participar\u00e0 en la Comissi\u00f3 de Seguiment per tal de fer un treball coordinat entre tots els agents de la comarca amb responsabilitat d&#8217;implementar el Pla d&#8217;Inclusi\u00f3.<!--:--><\/p>\n","protected":false},"excerpt":{"rendered":"<p>Aquest mat\u00ed es constituir\u00e0 a la sala de Plens del Consell Comarcal la Comissi\u00f3 de Seguiment del Pla per a la Inclusi\u00f3 i la Cohesi\u00f3 Social de l&#8217;Alt Empord\u00e0 2013-2016,&hellip;<\/p>\n","protected":false},"author":3,"featured_media":2585,"comment_status":"closed","ping_status":"closed","sticky":false,"template":"","format":"standard","meta":{"footnotes":""},"categories":[106,100,101,105,104,108,12],"tags":[87,24,16,17],"class_list":["post-2584","post","type-post","status-publish","format-standard","has-post-thumbnail","hentry","category-administracions","category-area-benestar","category-ciutadania","category-empreses","category-entitats-socials","category-mitjans-comunicacio","category-pla-dinclusio-2","tag-comissio-seguiment-pla","tag-inclusio-social","tag-pla-inclusio","tag-taula","category-106","category-100","category-101","category-105","category-104","category-108","category-12","description-off"],"_links":{"self":[{"href":"https:\/\/inclusioaltemporda.cat\/portal\/wp-json\/wp\/v2\/posts\/2584","targetHints":{"allow":["GET"]}}],"collection":[{"href":"https:\/\/inclusioaltemporda.cat\/portal\/wp-json\/wp\/v2\/posts"}],"about":[{"href":"https:\/\/inclusioaltemporda.cat\/portal\/wp-json\/wp\/v2\/types\/post"}],"author":[{"embeddable":true,"href":"https:\/\/inclusioaltemporda.cat\/portal\/wp-json\/wp\/v2\/users\/3"}],"replies":[{"embeddable":true,"href":"https:\/\/inclusioaltemporda.cat\/portal\/wp-json\/wp\/v2\/comments?post=2584"}],"version-history":[{"count":3,"href":"https:\/\/inclusioaltemporda.cat\/portal\/wp-json\/wp\/v2\/posts\/2584\/revisions"}],"predecessor-version":[{"id":3313,"href":"https:\/\/inclusioaltemporda.cat\/portal\/wp-json\/wp\/v2\/posts\/2584\/revisions\/3313"}],"wp:featuredmedia":[{"embeddable":true,"href":"https:\/\/inclusioaltemporda.cat\/portal\/wp-json\/wp\/v2\/media\/2585"}],"wp:attachment":[{"href":"https:\/\/inclusioaltemporda.cat\/portal\/wp-json\/wp\/v2\/media?parent=2584"}],"wp:term":[{"taxonomy":"category","embeddable":true,"href":"https:\/\/inclusioaltemporda.cat\/portal\/wp-json\/wp\/v2\/categories?post=2584"},{"taxonomy":"post_tag","embeddable":true,"href":"https:\/\/inclusioaltemporda.cat\/portal\/wp-json\/wp\/v2\/tags?post=2584"}],"curies":[{"name":"wp","href":"https:\/\/api.w.org\/{rel}","templated":true}]}}