{"id":2590,"date":"2013-10-25T11:04:19","date_gmt":"2013-10-25T10:04:19","guid":{"rendered":"https:\/\/inclusioaltemporda.cat\/portal\/?p=2590"},"modified":"2016-02-01T09:23:52","modified_gmt":"2016-02-01T08:23:52","slug":"entra-en-funcionament-el-servei-dorientacio-i-assessorament-sobre-drogues","status":"publish","type":"post","link":"https:\/\/inclusioaltemporda.cat\/portal\/entra-en-funcionament-el-servei-dorientacio-i-assessorament-sobre-drogues\/","title":{"rendered":"Entra en funcionament el Servei d&#8217;Orientaci\u00f3 i Assessorament sobre Drogues"},"content":{"rendered":"<p><!--:CA-->En el marc del <a href=\"https:\/\/inclusioaltemporda.cat\/portal\/larea-de-benestar-social-programa-comarcal-de-prevencio-de-drogodependencies\/\">Programa de Prevenci\u00f3 de Drogodepend\u00e8ncies<\/a> del Consell Comarcal de l\u00b4Alt Empord\u00e0 el proper 5 de novembre es posar\u00e0 en marxa el Servei d&#8217;Orientaci\u00f3 i Assessorament sobre Drogues (SOD), destinat a adolescents i joves de la comarca.<\/p>\n<p>Aquest servei \u00e9s un recurs de primera atenci\u00f3 especialitzat, amb finalitat preventiva, que orientar\u00e0, assessorar\u00e0 i donar\u00e0 resposta a les demandes d\u2019informaci\u00f3, prevenci\u00f3 i atenci\u00f3 plantejades per adolescents, joves, adults i familiars i professionals de la comarca en relaci\u00f3 a les drogodepend\u00e8ncies i a les conductes de risc.<\/p>\n<p>Els SOD funcionar\u00e0 com un espai que intentar\u00e0 donar resposta a les fam\u00edlies, com un agent fonamental en l&#8217;educaci\u00f3 dels fills, i als joves i professionals que desitgin orientaci\u00f3 i assessorament en drogues de manera confidencial i gratu\u00efta. Poden ser temes de consulta per aquest servei informaci\u00f3 sobre efectes i conseq\u00fc\u00e8ncies del consum de drogues, recursos assistencials i orientaci\u00f3 en casos de dificultats o problemes relacionats amb seu \u00fas o ab\u00fas, entre d&#8217;altres.<\/p>\n<p>El SOD es prestar\u00e0 a les depend\u00e8ncies de l&#8217;\u00c0rea de Benestar, al segon pis del Consell Comarcal de l&#8217;Alt Empord\u00e0, cada dimarts de 16:00 a 19:00 de la tarda. Per poder accedir a aquest recurs nom\u00e9s cal demanar hora al tel\u00e8fon 972.677.050, o a trav\u00e9s del correu electr\u00f2nic sod@altemporda.org.<\/p>\n<p>Aquest Servei s\u2019emmarca en l\u2019objectiu estrat\u00e8gic 6 fixat pel <a href=\"https:\/\/inclusioaltemporda.cat\/portal\/wp-content\/uploads\/Pla-dInclusi%C3%B3-versi%C3%B3_def.pdf\">Pla per a la Inclusi\u00f3 i la Cohesi\u00f3 Social de l\u2019Alt Empord\u00e0 2013-2016<\/a>: refor\u00e7ar els recursos de car\u00e0cter preventiu en l\u2019\u00e0mbit de la salut per als adolescents i joves de la comarca i, m\u00e9s en concret, en l\u2019objectiu operatiu 6.2. Promoure recursos espec\u00edfics que facilitin l\u2019atenci\u00f3 i la informaci\u00f3 en l\u2019\u00e0mbit de la salut per als adolescents i joves de la comarca.<br \/>\n<!--:--><\/p>\n","protected":false},"excerpt":{"rendered":"<p>En el marc del Programa de Prevenci\u00f3 de Drogodepend\u00e8ncies del Consell Comarcal de l\u00b4Alt Empord\u00e0 el proper 5 de novembre es posar\u00e0 en marxa el Servei d&#8217;Orientaci\u00f3 i Assessorament sobre&hellip;<\/p>\n","protected":false},"author":2,"featured_media":2265,"comment_status":"closed","ping_status":"closed","sticky":false,"template":"","format":"standard","meta":{"footnotes":""},"categories":[106,100,101,105,104,103,108,12],"tags":[34,27,24,16,71],"class_list":["post-2590","post","type-post","status-publish","format-standard","has-post-thumbnail","hentry","category-administracions","category-area-benestar","category-ciutadania","category-empreses","category-entitats-socials","category-estudiants-escoles-instituts","category-mitjans-comunicacio","category-pla-dinclusio-2","tag-aula-professionals","tag-benestar-ccae","tag-inclusio-social","tag-pla-inclusio","tag-programa-prevencio-drogodependencies","category-106","category-100","category-101","category-105","category-104","category-103","category-108","category-12","description-off"],"_links":{"self":[{"href":"https:\/\/inclusioaltemporda.cat\/portal\/wp-json\/wp\/v2\/posts\/2590","targetHints":{"allow":["GET"]}}],"collection":[{"href":"https:\/\/inclusioaltemporda.cat\/portal\/wp-json\/wp\/v2\/posts"}],"about":[{"href":"https:\/\/inclusioaltemporda.cat\/portal\/wp-json\/wp\/v2\/types\/post"}],"author":[{"embeddable":true,"href":"https:\/\/inclusioaltemporda.cat\/portal\/wp-json\/wp\/v2\/users\/2"}],"replies":[{"embeddable":true,"href":"https:\/\/inclusioaltemporda.cat\/portal\/wp-json\/wp\/v2\/comments?post=2590"}],"version-history":[{"count":6,"href":"https:\/\/inclusioaltemporda.cat\/portal\/wp-json\/wp\/v2\/posts\/2590\/revisions"}],"predecessor-version":[{"id":3618,"href":"https:\/\/inclusioaltemporda.cat\/portal\/wp-json\/wp\/v2\/posts\/2590\/revisions\/3618"}],"wp:featuredmedia":[{"embeddable":true,"href":"https:\/\/inclusioaltemporda.cat\/portal\/wp-json\/wp\/v2\/media\/2265"}],"wp:attachment":[{"href":"https:\/\/inclusioaltemporda.cat\/portal\/wp-json\/wp\/v2\/media?parent=2590"}],"wp:term":[{"taxonomy":"category","embeddable":true,"href":"https:\/\/inclusioaltemporda.cat\/portal\/wp-json\/wp\/v2\/categories?post=2590"},{"taxonomy":"post_tag","embeddable":true,"href":"https:\/\/inclusioaltemporda.cat\/portal\/wp-json\/wp\/v2\/tags?post=2590"}],"curies":[{"name":"wp","href":"https:\/\/api.w.org\/{rel}","templated":true}]}}