{"id":2616,"date":"2013-10-28T10:17:38","date_gmt":"2013-10-28T09:17:38","guid":{"rendered":"https:\/\/inclusioaltemporda.cat\/portal\/?p=2616"},"modified":"2016-02-01T09:23:52","modified_gmt":"2016-02-01T08:23:52","slug":"el-sindic-de-greuges-proposa-mesures-per-evitar-aquest-hivern-el-tall-de-subministres-basics-a-families-en-situacio-de-pobresa-energetica","status":"publish","type":"post","link":"https:\/\/inclusioaltemporda.cat\/portal\/el-sindic-de-greuges-proposa-mesures-per-evitar-aquest-hivern-el-tall-de-subministres-basics-a-families-en-situacio-de-pobresa-energetica\/","title":{"rendered":"El S\u00edndic de Greuges proposa mesures per evitar aquest hivern el tall de subministres b\u00e0sics a fam\u00edlies en situaci\u00f3 de pobresa energ\u00e8tica"},"content":{"rendered":"<p><!--:CA-->El<a title=\"S\u00edndic de Greuges\" href=\"http:\/\/www.sindic.cat\/ca\/page.asp?id=53&amp;ui=3532\"> S\u00edndic de Greuges<\/a> ha proposat a les companyies subministradores d&#8217;aigua, llum o gas, que s&#8217;acordin mesures per evitar aquest hivern el tall de subministres b\u00e0sics a fam\u00edlies en situaci\u00f3 de pobresa energ\u00e8tica. Aquesta proposta i l&#8217;informe que l&#8217;acompanya, que ha estat presentada als agents socials, al Govern i al Parlament de Catalunya, t\u00e9 com a finalitat evitar el tall de subministres per a aquelles fam\u00edlies que es troben en situaci\u00f3 d&#8217;exclusi\u00f3 social i tenen dificultats per fer front a aquests pagaments. Podeu accedir a aquesta proposta i a l&#8217;informe presentat en aquest <a title=\"enlla\u00e7\" href=\"http:\/\/www.sindic.cat\/ca\/page.asp?id=53&amp;ui=3532\">enlla\u00e7<\/a>.<\/p>\n<p>Segons l&#8217;Informe sobre\u00a0 pobresa energ\u00e8tica a Catalunya, elaborat per aquesta instituci\u00f3, prop de mig mili\u00f3 de persones (193.000 llars) de Catalunya es troben en aquesta situaci\u00f3. La pobresa energ\u00e8tica afecta sobretot a les persones m\u00e9s grans de 65 anys, a fam\u00edlies monoparentals i monomarentals i a persones en situaci\u00f3 d&#8217;atur.<\/p>\n<p>El Pla per a la Inclusi\u00f3 i la Cohesi\u00f3 Social de l&#8217;Alt Empord\u00e0 (2013-2016) ha definit com a objectiu operatiu combatre la pobresa energ\u00e8tica de les fam\u00edlies en situaci\u00f3 d&#8217;exclusi\u00f3 social i m\u00e9s vulnerables de la comarca i proposa accions espec\u00edfiques en aquesta direcci\u00f3 per treballar amb els ajuntaments i les companyies subministradores.<!--:--><\/p>\n","protected":false},"excerpt":{"rendered":"<p>El S\u00edndic de Greuges ha proposat a les companyies subministradores d&#8217;aigua, llum o gas, que s&#8217;acordin mesures per evitar aquest hivern el tall de subministres b\u00e0sics a fam\u00edlies en situaci\u00f3&hellip;<\/p>\n","protected":false},"author":3,"featured_media":2617,"comment_status":"closed","ping_status":"closed","sticky":false,"template":"","format":"standard","meta":{"footnotes":""},"categories":[106,101,105,104,108,12],"tags":[24,16],"class_list":["post-2616","post","type-post","status-publish","format-standard","has-post-thumbnail","hentry","category-administracions","category-ciutadania","category-empreses","category-entitats-socials","category-mitjans-comunicacio","category-pla-dinclusio-2","tag-inclusio-social","tag-pla-inclusio","category-106","category-101","category-105","category-104","category-108","category-12","description-off"],"_links":{"self":[{"href":"https:\/\/inclusioaltemporda.cat\/portal\/wp-json\/wp\/v2\/posts\/2616","targetHints":{"allow":["GET"]}}],"collection":[{"href":"https:\/\/inclusioaltemporda.cat\/portal\/wp-json\/wp\/v2\/posts"}],"about":[{"href":"https:\/\/inclusioaltemporda.cat\/portal\/wp-json\/wp\/v2\/types\/post"}],"author":[{"embeddable":true,"href":"https:\/\/inclusioaltemporda.cat\/portal\/wp-json\/wp\/v2\/users\/3"}],"replies":[{"embeddable":true,"href":"https:\/\/inclusioaltemporda.cat\/portal\/wp-json\/wp\/v2\/comments?post=2616"}],"version-history":[{"count":4,"href":"https:\/\/inclusioaltemporda.cat\/portal\/wp-json\/wp\/v2\/posts\/2616\/revisions"}],"predecessor-version":[{"id":3311,"href":"https:\/\/inclusioaltemporda.cat\/portal\/wp-json\/wp\/v2\/posts\/2616\/revisions\/3311"}],"wp:featuredmedia":[{"embeddable":true,"href":"https:\/\/inclusioaltemporda.cat\/portal\/wp-json\/wp\/v2\/media\/2617"}],"wp:attachment":[{"href":"https:\/\/inclusioaltemporda.cat\/portal\/wp-json\/wp\/v2\/media?parent=2616"}],"wp:term":[{"taxonomy":"category","embeddable":true,"href":"https:\/\/inclusioaltemporda.cat\/portal\/wp-json\/wp\/v2\/categories?post=2616"},{"taxonomy":"post_tag","embeddable":true,"href":"https:\/\/inclusioaltemporda.cat\/portal\/wp-json\/wp\/v2\/tags?post=2616"}],"curies":[{"name":"wp","href":"https:\/\/api.w.org\/{rel}","templated":true}]}}