{"id":2626,"date":"2013-10-29T10:35:22","date_gmt":"2013-10-29T09:35:22","guid":{"rendered":"https:\/\/inclusioaltemporda.cat\/portal\/?p=2626"},"modified":"2016-02-01T09:23:52","modified_gmt":"2016-02-01T08:23:52","slug":"es-posen-en-marxa-5-grups-de-suport-a-lalt-emporda-per-obtenir-el-graduat-densenyament-secundari-a-distancia-ioc","status":"publish","type":"post","link":"https:\/\/inclusioaltemporda.cat\/portal\/es-posen-en-marxa-5-grups-de-suport-a-lalt-emporda-per-obtenir-el-graduat-densenyament-secundari-a-distancia-ioc\/","title":{"rendered":"Es posen en marxa 5 grups de suport a l&#8217;Alt Empord\u00e0 per obtenir el Graduat d&#8217;Ensenyament Secundari a dist\u00e0ncia (IOC)"},"content":{"rendered":"<p><!--:CA-->L&#8217;<a title=\"Oficina de Joventut Figueres-Alt Empord\u00e0\" href=\"https:\/\/www.facebook.com\/quadrat.el\">Oficina de Joventut Figueres-Alt Empord\u00e0<\/a> i els ajuntaments de Castell\u00f3 d&#8217;Emp\u00faries, Figueres, La Jonquera, Roses i Vilafant posen en marxa en aquests municipis 5 grups de suport per a l&#8217;obtenci\u00f3 del Graduat d&#8217;Ensenyament Secundari (GES), per a aquells joves a partir dels 16 anys que no hagin acabat els seus estudis d&#8217;ESO i vulguin obtenir a dist\u00e0ncia aquesta titulaci\u00f3.<\/p>\n<p>Els grups de suport en aquests municipis oferiran ajuda en els tr\u00e0mits i la inscripci\u00f3 a l&#8217;<a title=\"Institut Obert de Catalunya (IOC)\" href=\"http:\/\/ioc.xtec.cat\/educacio\/component\/content\/article?id=250\">Institut Obert de Catalunya (IOC<\/a>), el per\u00edode de matr\u00edcula \u00e9s del 4 a l&#8217;11 de novembre per al nou alumnat, faciliten un tutor\/a de suport a les classes; material de suport i ordinadors de connexi\u00f3 gratuita a internet.<\/p>\n<p>Si teniu inter\u00e8s a con\u00e8ixer m\u00e9s informaci\u00f3 us podeu adre\u00e7ar a l&#8217;Oficina de Joventut Figueres-Alt Empord\u00e0 o a l&#8217;Espai Jove dels municipis (joventut@altemporda.org. Tel. 972 673 728).<\/p>\n<p>En aquest<a title=\"enlla\u00e7\" href=\"https:\/\/inclusioaltemporda.cat\/portal\/wp-content\/uploads\/Cartell-IOC-Comarcal.pdf\"> enlla\u00e7<\/a> trobareu el cartell amb la informaci\u00f3 de l&#8217;oferta formativa i clikant en aquest altre podeu accedir a la<a title=\"sol\u00b7licitud que cal presentar a l'IOC\" href=\"https:\/\/inclusioaltemporda.cat\/portal\/wp-content\/uploads\/Sol\u00b7licitud-IOC-comarcal.pdf\"> sol\u00b7licitud que cal presentar a l&#8217;IOC<\/a>.<\/p>\n<p>Aquesta oferta formativa s&#8217;emmarca en l&#8217;objectiu estrat\u00e8gic 5 del Pla per a la Inclusi\u00f3 i la Cohesi\u00f3 de l&#8217;Alt Empord\u00e0 2013-2016 dirigit a millorar l&#8217;acc\u00e9s a la formaci\u00f3 i les oportunitats laborals dels adolescents i joves de la comarca, en l&#8217;objectiu operatiu 5.2. orientat a ampliar l&#8217;oferta de formaci\u00f3 i titulacions homologades a la comarca i a l&#8217;acci\u00f3 5.2.1. Enfortir la l\u00ednia de treball orientada a oferir formaci\u00f3 i inserci\u00f3 laboral als joves que no adquireixen l&#8217;educaci\u00f3 secund\u00e0ria obligat\u00f2ria a la comarca.<!--:--><\/p>\n","protected":false},"excerpt":{"rendered":"<p>L&#8217;Oficina de Joventut Figueres-Alt Empord\u00e0 i els ajuntaments de Castell\u00f3 d&#8217;Emp\u00faries, Figueres, La Jonquera, Roses i Vilafant posen en marxa en aquests municipis 5 grups de suport per a l&#8217;obtenci\u00f3&hellip;<\/p>\n","protected":false},"author":3,"featured_media":2630,"comment_status":"closed","ping_status":"closed","sticky":false,"template":"","format":"standard","meta":{"footnotes":""},"categories":[106,101,105,104,103,108,12],"tags":[117,24,65,16],"class_list":["post-2626","post","type-post","status-publish","format-standard","has-post-thumbnail","hentry","category-administracions","category-ciutadania","category-empreses","category-entitats-socials","category-estudiants-escoles-instituts","category-mitjans-comunicacio","category-pla-dinclusio-2","tag-formacio-ca","tag-inclusio-social","tag-joves","tag-pla-inclusio","category-106","category-101","category-105","category-104","category-103","category-108","category-12","description-off"],"_links":{"self":[{"href":"https:\/\/inclusioaltemporda.cat\/portal\/wp-json\/wp\/v2\/posts\/2626","targetHints":{"allow":["GET"]}}],"collection":[{"href":"https:\/\/inclusioaltemporda.cat\/portal\/wp-json\/wp\/v2\/posts"}],"about":[{"href":"https:\/\/inclusioaltemporda.cat\/portal\/wp-json\/wp\/v2\/types\/post"}],"author":[{"embeddable":true,"href":"https:\/\/inclusioaltemporda.cat\/portal\/wp-json\/wp\/v2\/users\/3"}],"replies":[{"embeddable":true,"href":"https:\/\/inclusioaltemporda.cat\/portal\/wp-json\/wp\/v2\/comments?post=2626"}],"version-history":[{"count":5,"href":"https:\/\/inclusioaltemporda.cat\/portal\/wp-json\/wp\/v2\/posts\/2626\/revisions"}],"predecessor-version":[{"id":3310,"href":"https:\/\/inclusioaltemporda.cat\/portal\/wp-json\/wp\/v2\/posts\/2626\/revisions\/3310"}],"wp:featuredmedia":[{"embeddable":true,"href":"https:\/\/inclusioaltemporda.cat\/portal\/wp-json\/wp\/v2\/media\/2630"}],"wp:attachment":[{"href":"https:\/\/inclusioaltemporda.cat\/portal\/wp-json\/wp\/v2\/media?parent=2626"}],"wp:term":[{"taxonomy":"category","embeddable":true,"href":"https:\/\/inclusioaltemporda.cat\/portal\/wp-json\/wp\/v2\/categories?post=2626"},{"taxonomy":"post_tag","embeddable":true,"href":"https:\/\/inclusioaltemporda.cat\/portal\/wp-json\/wp\/v2\/tags?post=2626"}],"curies":[{"name":"wp","href":"https:\/\/api.w.org\/{rel}","templated":true}]}}