{"id":2632,"date":"2013-10-30T10:37:24","date_gmt":"2013-10-30T09:37:24","guid":{"rendered":"https:\/\/inclusioaltemporda.cat\/portal\/?p=2632"},"modified":"2016-02-01T09:23:52","modified_gmt":"2016-02-01T08:23:52","slug":"el-consell-comarcal-oferira-un-seixantena-dactivitats-formatives-a-instituts-i-escoles-de-la-comarca","status":"publish","type":"post","link":"https:\/\/inclusioaltemporda.cat\/portal\/el-consell-comarcal-oferira-un-seixantena-dactivitats-formatives-a-instituts-i-escoles-de-la-comarca\/","title":{"rendered":"El Consell Comarcal oferir\u00e0 un seixantena d&#8217;activitats formatives a Instituts i Escoles de la comarca"},"content":{"rendered":"<p><!--:CA-->Els passat 21 d&#8217;octubre va finalitzar el per\u00edode, que tenien els centres educatius de l&#8217;Alt Empord\u00e0, per a sol\u00b7licitar activitats de la <a href=\"http:\/\/www.altemporda.org\/portal\/arees-i-serveis\/benestar-social\/atencio-a-la-familia-infancia-adolescencia-i-dona\/motxilla-pedagogica\">Motxilla Pedag\u00f2gica<\/a> del Consell Comarcal. Aquest recurs, que aglutina tota l\u2019oferta educativa de les diferents \u00e0rees del Consell, comptava enguany amb 47 activitats diferents, 17<b> <\/b>de les quals s\u2019adre\u00e7aven a alumnat d&#8217;educaci\u00f3 prim\u00e0ria i la resta per alumnat de secund\u00e0ria.<\/p>\n<p>Per al curs escolar 2013-2014 s&#8217;ha sol\u00b7licitat finalment 59 tallers, dels quals un 60% s\u00f3n tallers preventius de l&#8217;educaci\u00f3 per a la salut. Els Instituts i Centres d&#8217;educaci\u00f3 infantil i prim\u00e0ria de l&#8217;Alt Empord\u00e0 tamb\u00e9 han sol\u00b7licitat activats d&#8217;educaci\u00f3 ambiental, interculturalitat i cultura de la pau, consum, joventut, i innovaci\u00f3 i noves tecnologies.<\/p>\n<p>En els tallers que es duran a terme durant el curs escolar hi participaran un total de 1300 alumnes de 12 centres educatius diferents.<\/p>\n<p>Segons dades de al Mem\u00f2ria de l&#8217;\u00c0rea de Benestar durant el curs escolar 2012-2013 la Motxilla Pedag\u00f2gica va comptar amb 66 activitat i es varen realitzat 55 tallers.<!--:--><\/p>\n","protected":false},"excerpt":{"rendered":"<p>Els passat 21 d&#8217;octubre va finalitzar el per\u00edode, que tenien els centres educatius de l&#8217;Alt Empord\u00e0, per a sol\u00b7licitar activitats de la Motxilla Pedag\u00f2gica del Consell Comarcal. Aquest recurs, que&hellip;<\/p>\n","protected":false},"author":2,"featured_media":2634,"comment_status":"closed","ping_status":"closed","sticky":false,"template":"","format":"standard","meta":{"footnotes":""},"categories":[106,100,101,104,103,108],"tags":[27,24,16,40],"class_list":["post-2632","post","type-post","status-publish","format-standard","has-post-thumbnail","hentry","category-administracions","category-area-benestar","category-ciutadania","category-entitats-socials","category-estudiants-escoles-instituts","category-mitjans-comunicacio","tag-benestar-ccae","tag-inclusio-social","tag-pla-inclusio","tag-recursos","category-106","category-100","category-101","category-104","category-103","category-108","description-off"],"_links":{"self":[{"href":"https:\/\/inclusioaltemporda.cat\/portal\/wp-json\/wp\/v2\/posts\/2632","targetHints":{"allow":["GET"]}}],"collection":[{"href":"https:\/\/inclusioaltemporda.cat\/portal\/wp-json\/wp\/v2\/posts"}],"about":[{"href":"https:\/\/inclusioaltemporda.cat\/portal\/wp-json\/wp\/v2\/types\/post"}],"author":[{"embeddable":true,"href":"https:\/\/inclusioaltemporda.cat\/portal\/wp-json\/wp\/v2\/users\/2"}],"replies":[{"embeddable":true,"href":"https:\/\/inclusioaltemporda.cat\/portal\/wp-json\/wp\/v2\/comments?post=2632"}],"version-history":[{"count":5,"href":"https:\/\/inclusioaltemporda.cat\/portal\/wp-json\/wp\/v2\/posts\/2632\/revisions"}],"predecessor-version":[{"id":3309,"href":"https:\/\/inclusioaltemporda.cat\/portal\/wp-json\/wp\/v2\/posts\/2632\/revisions\/3309"}],"wp:featuredmedia":[{"embeddable":true,"href":"https:\/\/inclusioaltemporda.cat\/portal\/wp-json\/wp\/v2\/media\/2634"}],"wp:attachment":[{"href":"https:\/\/inclusioaltemporda.cat\/portal\/wp-json\/wp\/v2\/media?parent=2632"}],"wp:term":[{"taxonomy":"category","embeddable":true,"href":"https:\/\/inclusioaltemporda.cat\/portal\/wp-json\/wp\/v2\/categories?post=2632"},{"taxonomy":"post_tag","embeddable":true,"href":"https:\/\/inclusioaltemporda.cat\/portal\/wp-json\/wp\/v2\/tags?post=2632"}],"curies":[{"name":"wp","href":"https:\/\/api.w.org\/{rel}","templated":true}]}}