{"id":2638,"date":"2013-10-31T11:13:11","date_gmt":"2013-10-31T10:13:11","guid":{"rendered":"https:\/\/inclusioaltemporda.cat\/portal\/?p=2638"},"modified":"2016-02-01T09:23:52","modified_gmt":"2016-02-01T08:23:52","slug":"nosaltres-2013-treball-comunitari-per-a-la-inclusio-social","status":"publish","type":"post","link":"https:\/\/inclusioaltemporda.cat\/portal\/nosaltres-2013-treball-comunitari-per-a-la-inclusio-social\/","title":{"rendered":"Nos+altres 2013: Treball comunitari per a la inclusi\u00f3 social"},"content":{"rendered":"<p><!--:CA-->El proper 27 de novembre es celebrar\u00e0 la 8a edici\u00f3 del cicle de jornades entorn la nova ciutadania, Nos+Altres, que anualment organitza el <a href=\"http:\/\/www.altemporda.org\/\">Consell Comarcal de l&#8217;Alt Empord\u00e0<\/a> i l&#8217;<a href=\"http:\/\/www.figueres.cat\/\" target=\"_blank\">Ajuntament de Figueres<\/a>, amb el suport de la <a href=\"http:\/\/www20.gencat.cat\/portal\/site\/bsf\/menuitem.ce32baba3744d8fa172a63a7b0c0e1a0\/?vgnextoid=80d8b5e22c5a4210VgnVCM1000008d0c1e0aRCRD&amp;vgnextchannel=80d8b5e22c5a4210VgnVCM1000008d0c1e0aRCRD&amp;vgnextfmt=default\" target=\"_blank\">Direcci\u00f3 General per a la Immigraci\u00f3<\/a>. Enguany la jornada portar\u00e0 per t\u00edtol &#8220;Treball comunitari per a la Inclusi\u00f3 Social: la diversitat com a repte&#8221;.<\/p>\n<p>La Jornada, que \u00e9s oberta al p\u00fablic en general, t\u00e9 com a principal objectiu sensibilitzar la poblaci\u00f3\u00a0 sobre els reptes que la diversitat gener\u00e0 per al conjunt de la nostra societat, i alhora oferir eines de treball als professionals que quotidianament treballen en un context marcat per la diversitat cultural, fent front als reptes que aquesta genera. En aquest context el treball comunitari ha anat prenent un paper m\u00e9s rellevant en la intervenci\u00f3 que duen a terme els professionals de l&#8217;\u00e0mbit social.<\/p>\n<p>El Nos+Altres, que es dur\u00e0 a terme a la Seu del Consell Comarcal de 9h a 13:30h, comptar\u00e0 amb la participaci\u00f3 del Pedagog, Miquel \u00c0ngel Essomba, que impartir\u00e0 la pon\u00e8ncia &#8220;L&#8217;acci\u00f3 comunit\u00e0ria intercultural: Teixir xarxes de sentit compartit&#8221;. Amb la voluntat d&#8217;oferir eines pr\u00e0ctiques als assistents per tal que puguin aprofundir en el coneixement de la metodologia d&#8217;intervenci\u00f3 comunit\u00e0ria la jornada tamb\u00e9 comptar\u00e0 amb un debat entorn el treball comunitari, en que participaran professionals que han participat en diferents experi\u00e8ncies de treball comunitari arreu del Pa\u00eds.<\/p>\n<p>En el marc de la Jornada Nos+Altres d&#8217;aquest any tamb\u00e9 es dur\u00e0 a terme l&#8217;acte de lliurament dels <a href=\"https:\/\/inclusioaltemporda.cat\/portal\/3a-edicio-dels-premis-nayra\/\">Premis Nayra 2013<\/a>, que el Consell Comarcal convoca biennalment, per premiar i recon\u00e8ixer projectes que fomenten la igualtat d\u2019oportunitats de les dones nouvingudes.<\/p>\n<p>En <a href=\"https:\/\/inclusioaltemporda.cat\/portal\/wp-content\/uploads\/nosaltres-2013-web.jpg\">aquest enlla\u00e7<\/a> podreu trobar m\u00e9s informaci\u00f3 sobre el Nos+Altres i el proc\u00e9s d&#8217;inscripci\u00f3 a la Jornada.<!--:--><\/p>\n","protected":false},"excerpt":{"rendered":"<p>El proper 27 de novembre es celebrar\u00e0 la 8a edici\u00f3 del cicle de jornades entorn la nova ciutadania, Nos+Altres, que anualment organitza el Consell Comarcal de l&#8217;Alt Empord\u00e0 i l&#8217;Ajuntament&hellip;<\/p>\n","protected":false},"author":2,"featured_media":2641,"comment_status":"closed","ping_status":"closed","sticky":false,"template":"","format":"standard","meta":{"footnotes":""},"categories":[106,100,101,105,104,108],"tags":[119,53,34,27,117,24,62],"class_list":["post-2638","post","type-post","status-publish","format-standard","has-post-thumbnail","hentry","category-administracions","category-area-benestar","category-ciutadania","category-empreses","category-entitats-socials","category-mitjans-comunicacio","tag-agenda-ca","tag-ajuntament-figueres","tag-aula-professionals","tag-benestar-ccae","tag-formacio-ca","tag-inclusio-social","tag-pla-ciutadania-i-immigracio","category-106","category-100","category-101","category-105","category-104","category-108","description-off"],"_links":{"self":[{"href":"https:\/\/inclusioaltemporda.cat\/portal\/wp-json\/wp\/v2\/posts\/2638","targetHints":{"allow":["GET"]}}],"collection":[{"href":"https:\/\/inclusioaltemporda.cat\/portal\/wp-json\/wp\/v2\/posts"}],"about":[{"href":"https:\/\/inclusioaltemporda.cat\/portal\/wp-json\/wp\/v2\/types\/post"}],"author":[{"embeddable":true,"href":"https:\/\/inclusioaltemporda.cat\/portal\/wp-json\/wp\/v2\/users\/2"}],"replies":[{"embeddable":true,"href":"https:\/\/inclusioaltemporda.cat\/portal\/wp-json\/wp\/v2\/comments?post=2638"}],"version-history":[{"count":4,"href":"https:\/\/inclusioaltemporda.cat\/portal\/wp-json\/wp\/v2\/posts\/2638\/revisions"}],"predecessor-version":[{"id":3308,"href":"https:\/\/inclusioaltemporda.cat\/portal\/wp-json\/wp\/v2\/posts\/2638\/revisions\/3308"}],"wp:featuredmedia":[{"embeddable":true,"href":"https:\/\/inclusioaltemporda.cat\/portal\/wp-json\/wp\/v2\/media\/2641"}],"wp:attachment":[{"href":"https:\/\/inclusioaltemporda.cat\/portal\/wp-json\/wp\/v2\/media?parent=2638"}],"wp:term":[{"taxonomy":"category","embeddable":true,"href":"https:\/\/inclusioaltemporda.cat\/portal\/wp-json\/wp\/v2\/categories?post=2638"},{"taxonomy":"post_tag","embeddable":true,"href":"https:\/\/inclusioaltemporda.cat\/portal\/wp-json\/wp\/v2\/tags?post=2638"}],"curies":[{"name":"wp","href":"https:\/\/api.w.org\/{rel}","templated":true}]}}