{"id":2646,"date":"2013-11-04T09:53:34","date_gmt":"2013-11-04T08:53:34","guid":{"rendered":"https:\/\/inclusioaltemporda.cat\/portal\/?p=2646"},"modified":"2016-02-01T09:23:51","modified_gmt":"2016-02-01T08:23:51","slug":"loficina-de-joventut-figueres-alt-emporda-amplia-horaris-datencio","status":"publish","type":"post","link":"https:\/\/inclusioaltemporda.cat\/portal\/loficina-de-joventut-figueres-alt-emporda-amplia-horaris-datencio\/","title":{"rendered":"L&#8217;Oficina de Joventut Figueres-Alt Empord\u00e0 amplia horaris d&#8217;atenci\u00f3 al p\u00fablic"},"content":{"rendered":"<p><!--:CA-->Aquest mes de novembre, l&#8217;Oficina de Joventut Figueres-Alt Empord\u00e0 (FEM) amplia l&#8217;horari d&#8217;atenci\u00f3 al p\u00fablic. De dilluns a divendres, l&#8217;Oficina est\u00e0 oberta de 9 a 14 h. i de dimarts a dissabte,\u00a0 l&#8217;horari s&#8217;amplia de 15 h. a 20 h.<\/p>\n<p>Complementant el seu servei com a punt d&#8217;informaci\u00f3 juvenil, l&#8217;Oficina oferir\u00e0 una programaci\u00f3 d&#8217;activitats i tallers per a joves de Figueres i de tota la comarca. En aquest enlla\u00e7 podeu accedir a les <a title=\"activitats programades els mesos de novembre i desembre\" href=\"https:\/\/inclusioaltemporda.cat\/portal\/wp-content\/uploads\/Calendari-2013.pdf\">activitats programades els mesos de novembre i desembre<\/a>.<\/p>\n<p>L&#8217;Ajuntament de Figueres i el Consell Comarcal de l&#8217;Alt Empord\u00e0 van signar un conveni fa uns mesos mitjan\u00e7ant el qual es va acordar compartir en un mateix espai, l&#8217;antic alberg de Figueres, els serveis municipals i comarcals de l&#8217;\u00e0rea de Joventut.<\/p>\n<p>Per a con\u00e8ixer la programaci\u00f3 d&#8217;activitats i els serveis de l&#8217;Oficina de Joventut Figueres-Alt Empord\u00e0 podeu contactar directament amb la seva seu (c. Anicet de Pag\u00e8s, 2. Tel. 972 673 728.728 o el seu facebook Joventut Figueres-Alt Empord\u00e0).<!--:--><\/p>\n","protected":false},"excerpt":{"rendered":"<p>Aquest mes de novembre, l&#8217;Oficina de Joventut Figueres-Alt Empord\u00e0 (FEM) amplia l&#8217;horari d&#8217;atenci\u00f3 al p\u00fablic. De dilluns a divendres, l&#8217;Oficina est\u00e0 oberta de 9 a 14 h. i de dimarts&hellip;<\/p>\n","protected":false},"author":3,"featured_media":2647,"comment_status":"closed","ping_status":"closed","sticky":false,"template":"","format":"standard","meta":{"footnotes":""},"categories":[106,101,104,108],"tags":[53,65],"class_list":["post-2646","post","type-post","status-publish","format-standard","has-post-thumbnail","hentry","category-administracions","category-ciutadania","category-entitats-socials","category-mitjans-comunicacio","tag-ajuntament-figueres","tag-joves","category-106","category-101","category-104","category-108","description-off"],"_links":{"self":[{"href":"https:\/\/inclusioaltemporda.cat\/portal\/wp-json\/wp\/v2\/posts\/2646","targetHints":{"allow":["GET"]}}],"collection":[{"href":"https:\/\/inclusioaltemporda.cat\/portal\/wp-json\/wp\/v2\/posts"}],"about":[{"href":"https:\/\/inclusioaltemporda.cat\/portal\/wp-json\/wp\/v2\/types\/post"}],"author":[{"embeddable":true,"href":"https:\/\/inclusioaltemporda.cat\/portal\/wp-json\/wp\/v2\/users\/3"}],"replies":[{"embeddable":true,"href":"https:\/\/inclusioaltemporda.cat\/portal\/wp-json\/wp\/v2\/comments?post=2646"}],"version-history":[{"count":7,"href":"https:\/\/inclusioaltemporda.cat\/portal\/wp-json\/wp\/v2\/posts\/2646\/revisions"}],"predecessor-version":[{"id":3307,"href":"https:\/\/inclusioaltemporda.cat\/portal\/wp-json\/wp\/v2\/posts\/2646\/revisions\/3307"}],"wp:featuredmedia":[{"embeddable":true,"href":"https:\/\/inclusioaltemporda.cat\/portal\/wp-json\/wp\/v2\/media\/2647"}],"wp:attachment":[{"href":"https:\/\/inclusioaltemporda.cat\/portal\/wp-json\/wp\/v2\/media?parent=2646"}],"wp:term":[{"taxonomy":"category","embeddable":true,"href":"https:\/\/inclusioaltemporda.cat\/portal\/wp-json\/wp\/v2\/categories?post=2646"},{"taxonomy":"post_tag","embeddable":true,"href":"https:\/\/inclusioaltemporda.cat\/portal\/wp-json\/wp\/v2\/tags?post=2646"}],"curies":[{"name":"wp","href":"https:\/\/api.w.org\/{rel}","templated":true}]}}