{"id":2655,"date":"2013-11-05T10:37:50","date_gmt":"2013-11-05T09:37:50","guid":{"rendered":"https:\/\/inclusioaltemporda.cat\/portal\/?p=2655"},"modified":"2016-02-01T09:23:51","modified_gmt":"2016-02-01T08:23:51","slug":"jornada-gent-gran-i-crisi","status":"publish","type":"post","link":"https:\/\/inclusioaltemporda.cat\/portal\/jornada-gent-gran-i-crisi\/","title":{"rendered":"Agenda: Jornada sobre Gent Gran i Crisi"},"content":{"rendered":"<p><!--:CA-->El proper 13 de novembre tindr\u00e0 lloc la Jornada Gent Gran i Crisi a l&#8217;Espai Francesca Bonnemaison de Barcelona, organitzada per l&#8217;<a title=\"Associaci\u00f3 Amics de la Gent Gran\" href=\"http:\/\/www.amicsdelagentgran.org\/index.php\/es\">Associaci\u00f3 Amics de la Gent Gran<\/a>.<\/p>\n<p>Aquesta jornada t\u00e9 com a finalitat reflexionar i debatre a l&#8217;entorn de la situaci\u00f3 de les persones grans en el context de crisi actual (pensions, soledat, pobresa, habitatge) i com aquesta afecta les seves condicions de vida i, d&#8217;altra banda, posar de relleu\u00a0 com les persones grans s\u00f3n agents de suport a les fam\u00edlies i juguen un rol rellevant en \u00e0mbits com la conciliaci\u00f3 familiar, l&#8217;acolliment a l&#8217;habitatge, els ajuts econ\u00f2mics, el voluntariat i mentoring i la participaci\u00f3 politica.<\/p>\n<p>Si treballeu en l&#8217;\u00e0mbit de la gent gran i l&#8217;envelliment actiu i teniu inter\u00e8s a con\u00e8ixer m\u00e9s informaci\u00f3 sobre aquest esdeveniment podeu accedir al programa i realitzar la inscripci\u00f3 mitjan\u00e7ant aquesta p\u00e0gina web <a title=\"Jornada Gent Gran i Crisi\" href=\"http:\/\/www.gentgranicrisi.org\/ca\/sobre-lesdeveniment\/\">Jornada Gent Gran i Crisi<\/a>.<!--:--><\/p>\n","protected":false},"excerpt":{"rendered":"<p>El proper 13 de novembre tindr\u00e0 lloc la Jornada Gent Gran i Crisi a l&#8217;Espai Francesca Bonnemaison de Barcelona, organitzada per l&#8217;Associaci\u00f3 Amics de la Gent Gran. Aquesta jornada t\u00e9&hellip;<\/p>\n","protected":false},"author":3,"featured_media":2657,"comment_status":"closed","ping_status":"closed","sticky":false,"template":"","format":"standard","meta":{"footnotes":""},"categories":[106,33,101,105,104,103,108,102],"tags":[119,37,38],"class_list":["post-2655","post","type-post","status-publish","format-standard","has-post-thumbnail","hentry","category-administracions","category-agenda","category-ciutadania","category-empreses","category-entitats-socials","category-estudiants-escoles-instituts","category-mitjans-comunicacio","category-professionals-ambit-social","tag-agenda-ca","tag-envelliment-actiu","tag-gent-gran","category-106","category-33","category-101","category-105","category-104","category-103","category-108","category-102","description-off"],"_links":{"self":[{"href":"https:\/\/inclusioaltemporda.cat\/portal\/wp-json\/wp\/v2\/posts\/2655","targetHints":{"allow":["GET"]}}],"collection":[{"href":"https:\/\/inclusioaltemporda.cat\/portal\/wp-json\/wp\/v2\/posts"}],"about":[{"href":"https:\/\/inclusioaltemporda.cat\/portal\/wp-json\/wp\/v2\/types\/post"}],"author":[{"embeddable":true,"href":"https:\/\/inclusioaltemporda.cat\/portal\/wp-json\/wp\/v2\/users\/3"}],"replies":[{"embeddable":true,"href":"https:\/\/inclusioaltemporda.cat\/portal\/wp-json\/wp\/v2\/comments?post=2655"}],"version-history":[{"count":5,"href":"https:\/\/inclusioaltemporda.cat\/portal\/wp-json\/wp\/v2\/posts\/2655\/revisions"}],"predecessor-version":[{"id":3306,"href":"https:\/\/inclusioaltemporda.cat\/portal\/wp-json\/wp\/v2\/posts\/2655\/revisions\/3306"}],"wp:featuredmedia":[{"embeddable":true,"href":"https:\/\/inclusioaltemporda.cat\/portal\/wp-json\/wp\/v2\/media\/2657"}],"wp:attachment":[{"href":"https:\/\/inclusioaltemporda.cat\/portal\/wp-json\/wp\/v2\/media?parent=2655"}],"wp:term":[{"taxonomy":"category","embeddable":true,"href":"https:\/\/inclusioaltemporda.cat\/portal\/wp-json\/wp\/v2\/categories?post=2655"},{"taxonomy":"post_tag","embeddable":true,"href":"https:\/\/inclusioaltemporda.cat\/portal\/wp-json\/wp\/v2\/tags?post=2655"}],"curies":[{"name":"wp","href":"https:\/\/api.w.org\/{rel}","templated":true}]}}