{"id":2677,"date":"2013-11-06T11:23:18","date_gmt":"2013-11-06T10:23:18","guid":{"rendered":"https:\/\/inclusioaltemporda.cat\/portal\/?p=2677"},"modified":"2016-02-01T09:23:51","modified_gmt":"2016-02-01T08:23:51","slug":"professionals-de-larea-de-benestar-participen-en-un-seminari-sobre-formacio-de-joves-en-risc-a-nagykallo-hongria-en-el-marc-del-projecte-labour-plus","status":"publish","type":"post","link":"https:\/\/inclusioaltemporda.cat\/portal\/professionals-de-larea-de-benestar-participen-en-un-seminari-sobre-formacio-de-joves-en-risc-a-nagykallo-hongria-en-el-marc-del-projecte-labour-plus\/","title":{"rendered":"Professionals de l&#8217;\u00e0rea de Benestar participen en un seminari sobre formaci\u00f3 de joves en risc a Nagyk\u00e1ll\u00f3 (Hongria) en el marc del projecte Labour Plus"},"content":{"rendered":"<p><!--:CA-->Aquesta setmana professionals de l&#8217;\u00e8quip T\u00e8cnic d&#8217;Inclusi\u00f3 i de l&#8217;equip de Ciutadania i Immigraci\u00f3 participen en el Seminari sobre &#8220;Educaci\u00f3 i formaci\u00f3 de joves en risc&#8221; que, en el marc del projecte europeu Labour Plus en el qual participa el Consell Comarcal, organitza l&#8217;ajuntament de Nagyk\u00e1ll\u00f3 (Hongria) i l&#8217;administraci\u00f3 regional de Sofia (Bulg\u00e0ria), ambd\u00f3s socis del projecte.<\/p>\n<p>Les sessions de treball se centraran en con\u00e8ixer les experi\u00e8ncies d&#8217;aquests dos pa\u00efsos en aquest \u00e0mbit d&#8217;intervenci\u00f3 i s\u00f3n una oportunitat per compartir coneixement i bones pr\u00e0ctiques en els \u00e0mbits de l&#8217;educaci\u00f3, la formaci\u00f3 i el treball amb poblaci\u00f3 d&#8217;origen immigrant i d&#8217;\u00e8tnia gitana que representa percentatges elevats de la poblaci\u00f3 d&#8217;aquests pa\u00efsos de l&#8217;est d&#8217;Europa.<\/p>\n<p>En el marc d&#8217;aquest seminari es presentaran les pol\u00edtiques integrals d&#8217;inclusi\u00f3 social de poblaci\u00f3 d&#8217;\u00e8tnia gitana a Nagyk\u00e1ll\u00f3; les experi\u00e8ncies de programes de micro-cr\u00e8dit per fer emergir activitat productiva en economia submergida d&#8217;aquesta poblaci\u00f3 i els programes d&#8217;educaci\u00f3 i formaci\u00f3 promoguts per les pol\u00edtiques d&#8217;integraci\u00f3 hongareses i b\u00falgares. Els workshops espec\u00edfics se centraran en les politiques d&#8217;activaci\u00f3 laboral en els pa\u00efsos de l&#8217;est d&#8217;Europa i en els plans d&#8217;implementaci\u00f3 regionals que s&#8217;estan promovent amb aquesta finalitat.<\/p>\n<p>En el decurs d&#8217;aquest seminari tamb\u00e9 tindran lloc les reunions de seguiment del projecte Labour Plus,\u00a0 del qual l&#8217;\u00e0rea de Benestar del Consell Comarcal coordina els continguts, per avan\u00e7ar en l&#8217;intercanvi de bones pr\u00e0ctiques entre els pa\u00efsos socis i l&#8217;elaboraci\u00f3 d&#8217;una Guia de treball amb propostes d&#8217;inclusi\u00f3 social i laboral per a poblaci\u00f3 d&#8217;origen immigrant.<\/p>\n<p>Els professionals del Consell Comarcal tamb\u00e9 coneixeran de primera ma l&#8217;experi\u00e8ncia del projecte &#8220;K\u00e1llai Duet- Qualitative County Local Product Programme&#8221;, un programa estatal que compta amb una xarxa local a Nagyk\u00e1ll\u00f3, que t\u00e9 una doble finalitat: oferir oportunitats laborals a aturats de llarga durada en el sector de la producci\u00f3 agr\u00edcola local i\u00a0 garantir la viabilitat de petites empreses en la cerca de nous mercats per a productes agroecol\u00f2gics d&#8217;alta qualitat.<\/p>\n<p>Si teniu inter\u00e8s a con\u00e8ixer amb m\u00e9s detall les accions que ja s&#8217;han dut a terme en el marc del projecte Interreg Labour Plus ho podeu fer mitjan\u00e7ant aquest <a title=\"enlla\u00e7\" href=\"https:\/\/inclusioaltemporda.cat\/portal\/tag\/projecte-labour-plus\/\">enlla\u00e7<\/a>. Clickant en la <a title=\"p\u00e0gina web del projecte Labour Plus\" href=\"http:\/\/www.labourplus.eu\/\">p\u00e0gina web del projecte Labour Plus<\/a> accedireu a la informaci\u00f3 del projecte.<!--:--><\/p>\n","protected":false},"excerpt":{"rendered":"<p>Aquesta setmana professionals de l&#8217;\u00e8quip T\u00e8cnic d&#8217;Inclusi\u00f3 i de l&#8217;equip de Ciutadania i Immigraci\u00f3 participen en el Seminari sobre &#8220;Educaci\u00f3 i formaci\u00f3 de joves en risc&#8221; que, en el marc&hellip;<\/p>\n","protected":false},"author":3,"featured_media":2678,"comment_status":"closed","ping_status":"closed","sticky":false,"template":"","format":"standard","meta":{"footnotes":""},"categories":[106,100,107,101,103,108,102,111],"tags":[27,24,45],"class_list":["post-2677","post","type-post","status-publish","format-standard","has-post-thumbnail","hentry","category-administracions","category-area-benestar","category-centres-recerca-universitats","category-ciutadania","category-estudiants-escoles-instituts","category-mitjans-comunicacio","category-professionals-ambit-social","category-projectes-internacionals","tag-benestar-ccae","tag-inclusio-social","tag-projecte-labour-plus","category-106","category-100","category-107","category-101","category-103","category-108","category-102","category-111","description-off"],"_links":{"self":[{"href":"https:\/\/inclusioaltemporda.cat\/portal\/wp-json\/wp\/v2\/posts\/2677","targetHints":{"allow":["GET"]}}],"collection":[{"href":"https:\/\/inclusioaltemporda.cat\/portal\/wp-json\/wp\/v2\/posts"}],"about":[{"href":"https:\/\/inclusioaltemporda.cat\/portal\/wp-json\/wp\/v2\/types\/post"}],"author":[{"embeddable":true,"href":"https:\/\/inclusioaltemporda.cat\/portal\/wp-json\/wp\/v2\/users\/3"}],"replies":[{"embeddable":true,"href":"https:\/\/inclusioaltemporda.cat\/portal\/wp-json\/wp\/v2\/comments?post=2677"}],"version-history":[{"count":3,"href":"https:\/\/inclusioaltemporda.cat\/portal\/wp-json\/wp\/v2\/posts\/2677\/revisions"}],"predecessor-version":[{"id":3305,"href":"https:\/\/inclusioaltemporda.cat\/portal\/wp-json\/wp\/v2\/posts\/2677\/revisions\/3305"}],"wp:featuredmedia":[{"embeddable":true,"href":"https:\/\/inclusioaltemporda.cat\/portal\/wp-json\/wp\/v2\/media\/2678"}],"wp:attachment":[{"href":"https:\/\/inclusioaltemporda.cat\/portal\/wp-json\/wp\/v2\/media?parent=2677"}],"wp:term":[{"taxonomy":"category","embeddable":true,"href":"https:\/\/inclusioaltemporda.cat\/portal\/wp-json\/wp\/v2\/categories?post=2677"},{"taxonomy":"post_tag","embeddable":true,"href":"https:\/\/inclusioaltemporda.cat\/portal\/wp-json\/wp\/v2\/tags?post=2677"}],"curies":[{"name":"wp","href":"https:\/\/api.w.org\/{rel}","templated":true}]}}