{"id":2682,"date":"2013-11-07T10:09:26","date_gmt":"2013-11-07T09:09:26","guid":{"rendered":"https:\/\/inclusioaltemporda.cat\/portal\/?p=2682"},"modified":"2016-02-01T09:23:51","modified_gmt":"2016-02-01T08:23:51","slug":"informe-sobre-la-poblacio-estrangera-a-la-comarca-de-lalt-emporda","status":"publish","type":"post","link":"https:\/\/inclusioaltemporda.cat\/portal\/informe-sobre-la-poblacio-estrangera-a-la-comarca-de-lalt-emporda\/","title":{"rendered":"Informe sobre la poblaci\u00f3 estrangera a la comarca de l&#8217;Alt Empord\u00e0"},"content":{"rendered":"<p><!--:CA-->L&#8217;Equip T\u00e8cnic d&#8217;Inclusi\u00f3 de l&#8217;\u00e0rea de Benestar presenta l&#8217;informe estad\u00edstic sobre la poblaci\u00f3 estrangera a la comarca de l&#8217;Alt Empord\u00e0 amb les darreres dades disponibles de l&#8221;evoluci\u00f3 del fenomen migratori a la comarca.<\/p>\n<p>Aquest Informe de car\u00e0cter anual t\u00e9 com a finalitat oferir als diversos agents del territori l&#8217;evoluci\u00f3 de les principals dades sociodemogr\u00e0fiques relatives a la poblaci\u00f3 d&#8217;origen estranger i el seu impacte en la realitat social i econ\u00f2mica de la comarca.<\/p>\n<p>Enguany les dades posen de manifest com des de l&#8217;any 2000 s&#8217;ha ampliat la diversitat d&#8217;origens culturals en un breu per\u00edode de temps a l&#8217;Alt Empord\u00e0. La novetat que introdueix aquesta recerca es que mostra l&#8217;impacte de la crisi en el mercat de treball i en la poblaci\u00f3 d&#8217;origen immigrant activa laboralment. A gener de 2013 la poblaci\u00f3 d&#8217;origen estranger empadronada a la comarca representava el 28,27% del total de la poblaci\u00f3, enregistrant-se un increment molt feble des de l&#8217;any 2010. Per \u00e0rea geogr\u00e0fica d&#8217;origen, la poblaci\u00f3 de la Uni\u00f3 Europea representava el 38%, la del Magrib\u00a0 el 29% i la d&#8217;Am\u00e8rica Llatina el 19%. Els homes representaven el 52,7% de la poblaci\u00f3 d&#8217;origen estranger i les dones el 43,3%.<\/p>\n<p>Les dades de contractaci\u00f3 enregistrada a la comarca durant la primera d\u00e8cada del segle XXI indiquen el pes important de la poblaci\u00f3 estrangera en el mercat de treball de la comarca. Fins l&#8217;any 2010, del conjunt de contractes enregistrats, un 38% corresponien a poblaci\u00f3 d&#8217;origen estranger arribant al 43,8% l&#8217;any 2008. L&#8217;any 2012 aquesta xifra va disminuir fins a un 36%, com a conseq\u00fc\u00e8ncia dels efectes de la crisi en la destrucci\u00f3 d&#8217;ocupaci\u00f3. Tot i que les dades de contractaci\u00f3 mostren com la poblaci\u00f3 estrangera t\u00e9 una pres\u00e8ncia significativa en el mercat de treball de la comarca, les dades d&#8217;atur registrades indiquen l&#8217;impacte de la crisi en els sectors de producci\u00f3 en qu\u00e8 majorit\u00e0riament estava ocupada la poblaci\u00f3 d&#8221;origen immigrant. Aix\u00ed, des de l&#8217;inici de la crisi econ\u00f2mica la proporci\u00f3 de poblaci\u00f3 estrangera aturada ha crescut gaireb\u00e9 7 punts percentuals, fins a situar-se en el 36,7% l&#8217;any 2012.<\/p>\n<p>Si teniu inter\u00e8s a con\u00e8ixer amb m\u00e9s detall aquest Informe us el podeu descarregar en aquest enlla\u00e7: <a title=\"Informe sobre la poblaci\u00f3 estrangera a l'Alt Empord\u00e0 2012\" href=\"https:\/\/inclusioaltemporda.cat\/portal\/wp-content\/uploads\/Informe-estad\u00edstic-2013-vdef.pdf\">Informe sobre la poblaci\u00f3 estrangera a l&#8217;Alt Empord\u00e0 2012.<\/a><\/p>\n<p><!--:--><\/p>\n","protected":false},"excerpt":{"rendered":"<p>L&#8217;Equip T\u00e8cnic d&#8217;Inclusi\u00f3 de l&#8217;\u00e0rea de Benestar presenta l&#8217;informe estad\u00edstic sobre la poblaci\u00f3 estrangera a la comarca de l&#8217;Alt Empord\u00e0 amb les darreres dades disponibles de l&#8221;evoluci\u00f3 del fenomen migratori&hellip;<\/p>\n","protected":false},"author":3,"featured_media":0,"comment_status":"closed","ping_status":"closed","sticky":false,"template":"","format":"standard","meta":{"footnotes":""},"categories":[106,100,107,101,103,108,13],"tags":[24,62,16],"class_list":["post-2682","post","type-post","status-publish","format-standard","hentry","category-administracions","category-area-benestar","category-centres-recerca-universitats","category-ciutadania","category-estudiants-escoles-instituts","category-mitjans-comunicacio","category-observatori-inclusio-social-alt-emporda","tag-inclusio-social","tag-pla-ciutadania-i-immigracio","tag-pla-inclusio","category-106","category-100","category-107","category-101","category-103","category-108","category-13","description-off"],"_links":{"self":[{"href":"https:\/\/inclusioaltemporda.cat\/portal\/wp-json\/wp\/v2\/posts\/2682","targetHints":{"allow":["GET"]}}],"collection":[{"href":"https:\/\/inclusioaltemporda.cat\/portal\/wp-json\/wp\/v2\/posts"}],"about":[{"href":"https:\/\/inclusioaltemporda.cat\/portal\/wp-json\/wp\/v2\/types\/post"}],"author":[{"embeddable":true,"href":"https:\/\/inclusioaltemporda.cat\/portal\/wp-json\/wp\/v2\/users\/3"}],"replies":[{"embeddable":true,"href":"https:\/\/inclusioaltemporda.cat\/portal\/wp-json\/wp\/v2\/comments?post=2682"}],"version-history":[{"count":8,"href":"https:\/\/inclusioaltemporda.cat\/portal\/wp-json\/wp\/v2\/posts\/2682\/revisions"}],"predecessor-version":[{"id":4909,"href":"https:\/\/inclusioaltemporda.cat\/portal\/wp-json\/wp\/v2\/posts\/2682\/revisions\/4909"}],"wp:attachment":[{"href":"https:\/\/inclusioaltemporda.cat\/portal\/wp-json\/wp\/v2\/media?parent=2682"}],"wp:term":[{"taxonomy":"category","embeddable":true,"href":"https:\/\/inclusioaltemporda.cat\/portal\/wp-json\/wp\/v2\/categories?post=2682"},{"taxonomy":"post_tag","embeddable":true,"href":"https:\/\/inclusioaltemporda.cat\/portal\/wp-json\/wp\/v2\/tags?post=2682"}],"curies":[{"name":"wp","href":"https:\/\/api.w.org\/{rel}","templated":true}]}}