{"id":2689,"date":"2013-11-08T10:26:54","date_gmt":"2013-11-08T09:26:54","guid":{"rendered":"https:\/\/inclusioaltemporda.cat\/portal\/?p=2689"},"modified":"2016-02-01T09:23:51","modified_gmt":"2016-02-01T08:23:51","slug":"campanya-per-a-prevenir-la-conducta-alimentaria-dels-adolescents-i-joves-de-la-comarca","status":"publish","type":"post","link":"https:\/\/inclusioaltemporda.cat\/portal\/campanya-per-a-prevenir-la-conducta-alimentaria-dels-adolescents-i-joves-de-la-comarca\/","title":{"rendered":"Campanya d&#8217;Alimentaci\u00f3 Saludable per als i les joves de l&#8217;Alt Empord\u00e0"},"content":{"rendered":"<p>L&#8217;\u00e0rea de Joventut del Consell Comarcal ha posat en marxa la 17a Campanya d&#8217;Alimentaci\u00f3 Saludable per als i les joves de la comarca, adre\u00e7ada a tots els centres de secund\u00e0ria de l&#8217;Alt Empord\u00e0, que es dur\u00e0 a terme del 23 de gener al 15 de maig de l&#8217;any vinent a l&#8217;Escola d&#8217;Hosteleria, tots els dijous.<\/p>\n<p>Aquesta campanya, que compta amb el suport de la <a title=\"Secretaria General de Joventut de la Generalitat\" href=\"http:\/\/www20.gencat.cat\/portal\/site\/Joventut\/\">Secretaria General de Joventut de la Generalitat<\/a>, la<a title=\"Diputaci\u00f3 de Girona\" href=\"http:\/\/www.dipsalut.cat\/\"> Diputaci\u00f3 de Girona<\/a> i l&#8217;<a title=\"Escola d'Hosteleria de l'Alt Empord\u00e0\" href=\"http:\/\/www.escolahostaleriaaltemporda.cat\/\">Escola d&#8217;Hosteleria de l&#8217;Alt Empord\u00e0<\/a>, ha renovat els seus continguts i t\u00e9 com a objectiu informar i sensibilitzar els i les joves sobre els habits alimentaris saludables i aprofundir en la import\u00e0ncia de l&#8217;alimentaci\u00f3, la dieta i la nutrici\u00f3 en totes les edats.<\/p>\n<p>Les sessions inclouen dues xerrades, un taller pr\u00e0ctic de cuina i nutrici\u00f3 i un dinar pedag\u00f2gic a l&#8217;Escola d&#8217;Hosteleria. Aquesta iniciativa forma part del projecte Salut Jove del Consell Comarcal i est\u00e0 adre\u00e7ada principalment als alumnes de 3r i 4t d&#8217;ESO (14-16 anys) dels centres de secund\u00e0ria p\u00fablics, concertats i privats de la comarca.<\/p>\n<p>Est\u00e0 previst que en aquesta edici\u00f3 participin m\u00e9s centres i alumnes que l&#8217;any anterior. En total, 8 Instituts i 2 centres concertats de secund\u00e0ria, 26 professors i 460 joves de la comarca participaran en aquesta iniciativa. En aquest enlla\u00e7 podeu accedir al<a title=\"fullet\u00f3 de la 17a Edici\u00f3 de la Campanya d'Alimentaci\u00f3 Saludable per als i les joves de la comarca\" href=\"https:\/\/inclusioaltemporda.cat\/portal\/wp-content\/uploads\/17a-Campanya-Alimentaci\u00f3-Joves.pdf\"> fullet\u00f3 de la 17a Edici\u00f3 de la Campanya d&#8217;Alimentaci\u00f3 Saludable per als i les joves de la comarca<\/a>.<\/p>\n","protected":false},"excerpt":{"rendered":"<p>L&#8217;\u00e0rea de Joventut del Consell Comarcal ha posat en marxa la 17a Campanya d&#8217;Alimentaci\u00f3 Saludable per als i les joves de la comarca, adre\u00e7ada a tots els centres de secund\u00e0ria&hellip;<\/p>\n","protected":false},"author":3,"featured_media":2695,"comment_status":"closed","ping_status":"closed","sticky":false,"template":"","format":"standard","meta":{"footnotes":""},"categories":[106,101,103,108,102],"tags":[24,65],"class_list":["post-2689","post","type-post","status-publish","format-standard","has-post-thumbnail","hentry","category-administracions","category-ciutadania","category-estudiants-escoles-instituts","category-mitjans-comunicacio","category-professionals-ambit-social","tag-inclusio-social","tag-joves","category-106","category-101","category-103","category-108","category-102","description-off"],"_links":{"self":[{"href":"https:\/\/inclusioaltemporda.cat\/portal\/wp-json\/wp\/v2\/posts\/2689","targetHints":{"allow":["GET"]}}],"collection":[{"href":"https:\/\/inclusioaltemporda.cat\/portal\/wp-json\/wp\/v2\/posts"}],"about":[{"href":"https:\/\/inclusioaltemporda.cat\/portal\/wp-json\/wp\/v2\/types\/post"}],"author":[{"embeddable":true,"href":"https:\/\/inclusioaltemporda.cat\/portal\/wp-json\/wp\/v2\/users\/3"}],"replies":[{"embeddable":true,"href":"https:\/\/inclusioaltemporda.cat\/portal\/wp-json\/wp\/v2\/comments?post=2689"}],"version-history":[{"count":8,"href":"https:\/\/inclusioaltemporda.cat\/portal\/wp-json\/wp\/v2\/posts\/2689\/revisions"}],"predecessor-version":[{"id":2699,"href":"https:\/\/inclusioaltemporda.cat\/portal\/wp-json\/wp\/v2\/posts\/2689\/revisions\/2699"}],"wp:featuredmedia":[{"embeddable":true,"href":"https:\/\/inclusioaltemporda.cat\/portal\/wp-json\/wp\/v2\/media\/2695"}],"wp:attachment":[{"href":"https:\/\/inclusioaltemporda.cat\/portal\/wp-json\/wp\/v2\/media?parent=2689"}],"wp:term":[{"taxonomy":"category","embeddable":true,"href":"https:\/\/inclusioaltemporda.cat\/portal\/wp-json\/wp\/v2\/categories?post=2689"},{"taxonomy":"post_tag","embeddable":true,"href":"https:\/\/inclusioaltemporda.cat\/portal\/wp-json\/wp\/v2\/tags?post=2689"}],"curies":[{"name":"wp","href":"https:\/\/api.w.org\/{rel}","templated":true}]}}