{"id":2702,"date":"2013-11-11T10:25:57","date_gmt":"2013-11-11T09:25:57","guid":{"rendered":"https:\/\/inclusioaltemporda.cat\/portal\/?p=2702"},"modified":"2016-02-01T09:23:51","modified_gmt":"2016-02-01T08:23:51","slug":"xarxa-de-voluntariat-de-la-fundacio-clerch-i-nicolau-a-figueres","status":"publish","type":"post","link":"https:\/\/inclusioaltemporda.cat\/portal\/xarxa-de-voluntariat-de-la-fundacio-clerch-i-nicolau-a-figueres\/","title":{"rendered":"Xarxa de Voluntariat de la Fundaci\u00f3 Clerch i Nicolau a Figueres"},"content":{"rendered":"<p>La <a title=\"Fundaci\u00f3 Clerch i Nicolau\" href=\"http:\/\/www.clerchinicolau.com\/\">Fundaci\u00f3 Clerch i Nicolau<\/a>, entitat p\u00fablica que d\u00f3na suport a actuacions formatives i culturals de la ciutat, promou la Xarxa de Voluntariat de Figueres amb la finalitat de fer cr\u00e9ixer el nombre de persones que volunt\u00e0riament col\u00b7laboren amb infants, joves i adults en projectes educatius, culturals, c\u00edvics, esportius i socials.<\/p>\n<p>Aquesta entitat t\u00e9 com a objectiu principal potenciar la implantaci\u00f3 d&#8217;una oferta educativa i divulgativa a Figueres, contribuir al desenvolupament del municipi i la comarca, facilitar assessorament i col\u00b7laborar amb altres entitats, tot fomentant la recerca, la formaci\u00f3 cont\u00ednua en diversos \u00e0mbits i la dinamitzaci\u00f3 econ\u00f2mica i laboral.<\/p>\n<p>Les persones interessades en participar en aquesta Xarxa de Voluntariat s&#8217;han de posar en contacte amb aquesta Fundaci\u00f3, obtenir el carnet de voluntari i tenir disponibilitat per participar en el punt de trobada del Club de Voluntariat que es reuneix tots els dimecres de 18 a 19:30 h. a la seu d&#8217;aquesta entitat (Fundaci\u00f3 Clerch i Nicolau, c. Nou, 53 &#8211; Tel. 972 503 952 &#8211; info@clerchinicolau.com).<\/p>\n","protected":false},"excerpt":{"rendered":"<p>La Fundaci\u00f3 Clerch i Nicolau, entitat p\u00fablica que d\u00f3na suport a actuacions formatives i culturals de la ciutat, promou la Xarxa de Voluntariat de Figueres amb la finalitat de fer&hellip;<\/p>\n","protected":false},"author":3,"featured_media":2705,"comment_status":"closed","ping_status":"closed","sticky":false,"template":"","format":"standard","meta":{"footnotes":""},"categories":[106,101,104,103,108,102],"tags":[24,51],"class_list":["post-2702","post","type-post","status-publish","format-standard","has-post-thumbnail","hentry","category-administracions","category-ciutadania","category-entitats-socials","category-estudiants-escoles-instituts","category-mitjans-comunicacio","category-professionals-ambit-social","tag-inclusio-social","tag-voluntariat","category-106","category-101","category-104","category-103","category-108","category-102","description-off"],"_links":{"self":[{"href":"https:\/\/inclusioaltemporda.cat\/portal\/wp-json\/wp\/v2\/posts\/2702","targetHints":{"allow":["GET"]}}],"collection":[{"href":"https:\/\/inclusioaltemporda.cat\/portal\/wp-json\/wp\/v2\/posts"}],"about":[{"href":"https:\/\/inclusioaltemporda.cat\/portal\/wp-json\/wp\/v2\/types\/post"}],"author":[{"embeddable":true,"href":"https:\/\/inclusioaltemporda.cat\/portal\/wp-json\/wp\/v2\/users\/3"}],"replies":[{"embeddable":true,"href":"https:\/\/inclusioaltemporda.cat\/portal\/wp-json\/wp\/v2\/comments?post=2702"}],"version-history":[{"count":2,"href":"https:\/\/inclusioaltemporda.cat\/portal\/wp-json\/wp\/v2\/posts\/2702\/revisions"}],"predecessor-version":[{"id":2706,"href":"https:\/\/inclusioaltemporda.cat\/portal\/wp-json\/wp\/v2\/posts\/2702\/revisions\/2706"}],"wp:featuredmedia":[{"embeddable":true,"href":"https:\/\/inclusioaltemporda.cat\/portal\/wp-json\/wp\/v2\/media\/2705"}],"wp:attachment":[{"href":"https:\/\/inclusioaltemporda.cat\/portal\/wp-json\/wp\/v2\/media?parent=2702"}],"wp:term":[{"taxonomy":"category","embeddable":true,"href":"https:\/\/inclusioaltemporda.cat\/portal\/wp-json\/wp\/v2\/categories?post=2702"},{"taxonomy":"post_tag","embeddable":true,"href":"https:\/\/inclusioaltemporda.cat\/portal\/wp-json\/wp\/v2\/tags?post=2702"}],"curies":[{"name":"wp","href":"https:\/\/api.w.org\/{rel}","templated":true}]}}