{"id":2707,"date":"2013-11-14T10:34:37","date_gmt":"2013-11-14T09:34:37","guid":{"rendered":"https:\/\/inclusioaltemporda.cat\/portal\/?p=2707"},"modified":"2016-02-01T09:23:50","modified_gmt":"2016-02-01T08:23:50","slug":"la-taula-per-a-la-inclusio-de-lalt-emporda-defineix-les-priortitats-de-treball-del-curs","status":"publish","type":"post","link":"https:\/\/inclusioaltemporda.cat\/portal\/la-taula-per-a-la-inclusio-de-lalt-emporda-defineix-les-priortitats-de-treball-del-curs\/","title":{"rendered":"La Taula per a la Inclusi\u00f3 de l&#8217;Alt Empord\u00e0 defineix les priortitats de treball del curs"},"content":{"rendered":"<p>En la darrera reuni\u00f3 de la <a href=\"https:\/\/inclusioaltemporda.cat\/portal\/taula-per-a-la-inclusio\/\">Taula per a la Inclusi\u00f3 i la Cohesi\u00f3 social de l&#8217;Alt Empord\u00e0<\/a>, celebrada el 24 d&#8217;octubre, es va iniciar el treball per a desenvolupar les accions que la Taula s&#8217;ha responsabilitzat de dur a terme en el marc del <a href=\"https:\/\/inclusioaltemporda.cat\/portal\/wp-content\/uploads\/Pla-dInclusi%C3%B3-versi%C3%B3_def.pdf\">Pla per a la Inclusi\u00f3 2013-2016<\/a>.<\/p>\n<p>La sessi\u00f3 es va centrar en la definici\u00f3 de la metodologia de treball que les entitats de la Taula seguiran per definir i concretar les accions assumides. Del total de 93 accions, que es varen definir en el Pla per a la Inclusi\u00f3 durant el proc\u00e9s d&#8217;elaboraci\u00f3 realitzat durant el primer semestre de l&#8217;any 2013, i en que les entitats socials del territori van tenir un paper actiu, la Taula va assumir-ne el lideratge de quatre. Tres d&#8217;aquestes s&#8217;han de dur a terme abans de finalitzar el curs 2013-2014:<\/p>\n<ul>\n<li>Acci\u00f3 18.3.2. Crear una plataforma virtual d&#8217;entitats socials de la comarca per tal de millorar el coneixement i la difusi\u00f3 de les accions inclusives que es duen a terme a la comarca.<\/li>\n<li>Acci\u00f3 18.4.1. Organitzar una jornada de voluntariat social a la comarca<\/li>\n<li>Acci\u00f3 18.4.2 Definir un projecte inclusiu de forma compartida entre diferents entitats de la Taula, per tal de disminuir els factors d&#8217;exclusi\u00f3 social a l&#8217;Alt Empord\u00e0.<\/li>\n<\/ul>\n<p>Per altra banda, la Taula per a la Inclusi\u00f3 tamb\u00e9 impulsar\u00e0 un treball conjunt entre administracions amb les entitats socials per actualitzar coneixement de les necessitats sociosanit\u00e0ries a la comarca, a trav\u00e9s d&#8217;un estudi sobre necessitats i recursos en aquest \u00e0mbit a activar a mig termini (Acci\u00f3 16.1.1).<\/p>\n<p>Per tal d&#8217;avan\u00e7ar en la implementaci\u00f3 d&#8217;aquestes accions les entitats membre varen acordar crear quatre grups de treball, que es responsabilitzaran cadascun d&#8217;una acci\u00f3 concreta. Aquests, que s\u00f3n oberts a la participaci\u00f3 de qualsevol entitat de la Taula, iniciaran el seu treball durant el mes de novembre.<\/p>\n","protected":false},"excerpt":{"rendered":"<p>En la darrera reuni\u00f3 de la Taula per a la Inclusi\u00f3 i la Cohesi\u00f3 social de l&#8217;Alt Empord\u00e0, celebrada el 24 d&#8217;octubre, es va iniciar el treball per a desenvolupar&hellip;<\/p>\n","protected":false},"author":2,"featured_media":1121,"comment_status":"closed","ping_status":"closed","sticky":false,"template":"","format":"standard","meta":{"footnotes":""},"categories":[106,100,101,104,108,12,11],"tags":[27,52,24,16,17,51],"class_list":["post-2707","post","type-post","status-publish","format-standard","has-post-thumbnail","hentry","category-administracions","category-area-benestar","category-ciutadania","category-entitats-socials","category-mitjans-comunicacio","category-pla-dinclusio-2","category-taula-inclusio","tag-benestar-ccae","tag-entitats-de-la-taula","tag-inclusio-social","tag-pla-inclusio","tag-taula","tag-voluntariat","category-106","category-100","category-101","category-104","category-108","category-12","category-11","description-off"],"_links":{"self":[{"href":"https:\/\/inclusioaltemporda.cat\/portal\/wp-json\/wp\/v2\/posts\/2707","targetHints":{"allow":["GET"]}}],"collection":[{"href":"https:\/\/inclusioaltemporda.cat\/portal\/wp-json\/wp\/v2\/posts"}],"about":[{"href":"https:\/\/inclusioaltemporda.cat\/portal\/wp-json\/wp\/v2\/types\/post"}],"author":[{"embeddable":true,"href":"https:\/\/inclusioaltemporda.cat\/portal\/wp-json\/wp\/v2\/users\/2"}],"replies":[{"embeddable":true,"href":"https:\/\/inclusioaltemporda.cat\/portal\/wp-json\/wp\/v2\/comments?post=2707"}],"version-history":[{"count":8,"href":"https:\/\/inclusioaltemporda.cat\/portal\/wp-json\/wp\/v2\/posts\/2707\/revisions"}],"predecessor-version":[{"id":2722,"href":"https:\/\/inclusioaltemporda.cat\/portal\/wp-json\/wp\/v2\/posts\/2707\/revisions\/2722"}],"wp:featuredmedia":[{"embeddable":true,"href":"https:\/\/inclusioaltemporda.cat\/portal\/wp-json\/wp\/v2\/media\/1121"}],"wp:attachment":[{"href":"https:\/\/inclusioaltemporda.cat\/portal\/wp-json\/wp\/v2\/media?parent=2707"}],"wp:term":[{"taxonomy":"category","embeddable":true,"href":"https:\/\/inclusioaltemporda.cat\/portal\/wp-json\/wp\/v2\/categories?post=2707"},{"taxonomy":"post_tag","embeddable":true,"href":"https:\/\/inclusioaltemporda.cat\/portal\/wp-json\/wp\/v2\/tags?post=2707"}],"curies":[{"name":"wp","href":"https:\/\/api.w.org\/{rel}","templated":true}]}}