{"id":2709,"date":"2013-11-12T15:01:06","date_gmt":"2013-11-12T14:01:06","guid":{"rendered":"https:\/\/inclusioaltemporda.cat\/portal\/?p=2709"},"modified":"2016-02-01T09:23:51","modified_gmt":"2016-02-01T08:23:51","slug":"larea-de-benestar-es-presenta-com-a-soci-en-un-projecte-europeu-per-combatre-labus-domestic-en-la-infancia-en-la-convocatoria-daphne-iii","status":"publish","type":"post","link":"https:\/\/inclusioaltemporda.cat\/portal\/larea-de-benestar-es-presenta-com-a-soci-en-un-projecte-europeu-per-combatre-labus-domestic-en-la-infancia-en-la-convocatoria-daphne-iii\/","title":{"rendered":"L&#8217;\u00e0rea de Benestar es presenta com a soci en un projecte europeu per combatre l&#8217;ab\u00fas dom\u00e8stic en la inf\u00e0ncia en la convocat\u00f2ria Daphne III"},"content":{"rendered":"<p>L&#8217;\u00e0rea de Benestar del Consell Comarcal s&#8217;ha presentat com a soci en un projecte europeu per combatre l&#8217;ab\u00fas dom\u00e8stic en la inf\u00e0ncia i la fam\u00edlia, liderat per l<a title=\"ajuntament de Stevenage (UK)\" href=\"http:\/\/www.stevenage.gov.uk\/\">&#8216;Ajuntament de Stevenage (UK)<\/a>, en la <a title=\"convocat\u00f2ria programa Daphne III\" href=\"http:\/\/ec.europa.eu\/justice\/grants\/programmes\/daphne\/\">convocat\u00f2ria del programa Daphne III\u00a0 <\/a>de la DG de Just\u00edcia de la Comissi\u00f3 Europea.<\/p>\n<p>Aquest projecte, en el qual tamb\u00e9 participen la <a title=\"European New Towns and Pilot Cities Platform (ENTP)\" href=\"http:\/\/www.pilotcities.eu\/\">European New Towns and Pilot Cities Platform (ENTP)<\/a>, el <a title=\"Latvia Children's Fund\" href=\"http:\/\/www.lbf.lv\/lang\/en\/par-latvijas-bernu-fondu\">Latvia Children&#8217;s Fund<\/a> i el <a title=\"Centro Studi ed Iniziative Europeo (CESIE)\" href=\"http:\/\/cesie.org\/\">Centro Studi ed Iniziative Europeo (CESIE<\/a>), t\u00e9 com a finalitat coordinar els serveis i els diversos agents en els territori per promoure una intervenci\u00f3 preventiva i coordinada en casos d&#8217;ab\u00fas dom\u00e8stic detectat en la inf\u00e0ncia i la fam\u00edlia.<\/p>\n<p>Els objectius\u00a0 compartits entre tots els socis del projecte preveuen: 1) la transmissi\u00f3 i intercanvi de coneixement entre socis europeus per reduir l&#8217;impacte de l&#8217;ab\u00fas dom\u00e8stic a partir de compartir metodologies, processos i estrat\u00e8gies de treball des de diferents disciplines professionals; 2) El treball amb infants i les seves fam\u00edlies per refor\u00e7ar les habilitats parentals i garantir la seguretat i benestar dels infants; 3) Refor\u00e7ar\u00a0 i incrementar el treball en xarxa entre els agents locals per promoure estrat\u00e8gies de prevenci\u00f3 m\u00e9s eficients i 4) Garantir una disseminaci\u00f3 efectiva dels resultats del projecte a la xarxa de professionals en cada pa\u00eds participant.<\/p>\n<p>La Comissi\u00f3 Europea resoldr\u00e0 els projectes que obtindran finan\u00e7ament d&#8217;aquest programa al llarg del segon trimestre de l&#8217;any 2014.<\/p>\n","protected":false},"excerpt":{"rendered":"<p>L&#8217;\u00e0rea de Benestar del Consell Comarcal s&#8217;ha presentat com a soci en un projecte europeu per combatre l&#8217;ab\u00fas dom\u00e8stic en la inf\u00e0ncia i la fam\u00edlia, liderat per l&#8216;Ajuntament de Stevenage&hellip;<\/p>\n","protected":false},"author":3,"featured_media":2712,"comment_status":"closed","ping_status":"closed","sticky":false,"template":"","format":"standard","meta":{"footnotes":""},"categories":[106,100,107,101,104,108,111],"tags":[27,24],"class_list":["post-2709","post","type-post","status-publish","format-standard","has-post-thumbnail","hentry","category-administracions","category-area-benestar","category-centres-recerca-universitats","category-ciutadania","category-entitats-socials","category-mitjans-comunicacio","category-projectes-internacionals","tag-benestar-ccae","tag-inclusio-social","category-106","category-100","category-107","category-101","category-104","category-108","category-111","description-off"],"_links":{"self":[{"href":"https:\/\/inclusioaltemporda.cat\/portal\/wp-json\/wp\/v2\/posts\/2709","targetHints":{"allow":["GET"]}}],"collection":[{"href":"https:\/\/inclusioaltemporda.cat\/portal\/wp-json\/wp\/v2\/posts"}],"about":[{"href":"https:\/\/inclusioaltemporda.cat\/portal\/wp-json\/wp\/v2\/types\/post"}],"author":[{"embeddable":true,"href":"https:\/\/inclusioaltemporda.cat\/portal\/wp-json\/wp\/v2\/users\/3"}],"replies":[{"embeddable":true,"href":"https:\/\/inclusioaltemporda.cat\/portal\/wp-json\/wp\/v2\/comments?post=2709"}],"version-history":[{"count":3,"href":"https:\/\/inclusioaltemporda.cat\/portal\/wp-json\/wp\/v2\/posts\/2709\/revisions"}],"predecessor-version":[{"id":2714,"href":"https:\/\/inclusioaltemporda.cat\/portal\/wp-json\/wp\/v2\/posts\/2709\/revisions\/2714"}],"wp:featuredmedia":[{"embeddable":true,"href":"https:\/\/inclusioaltemporda.cat\/portal\/wp-json\/wp\/v2\/media\/2712"}],"wp:attachment":[{"href":"https:\/\/inclusioaltemporda.cat\/portal\/wp-json\/wp\/v2\/media?parent=2709"}],"wp:term":[{"taxonomy":"category","embeddable":true,"href":"https:\/\/inclusioaltemporda.cat\/portal\/wp-json\/wp\/v2\/categories?post=2709"},{"taxonomy":"post_tag","embeddable":true,"href":"https:\/\/inclusioaltemporda.cat\/portal\/wp-json\/wp\/v2\/tags?post=2709"}],"curies":[{"name":"wp","href":"https:\/\/api.w.org\/{rel}","templated":true}]}}