{"id":2736,"date":"2013-11-18T10:26:53","date_gmt":"2013-11-18T09:26:53","guid":{"rendered":"https:\/\/inclusioaltemporda.cat\/portal\/?p=2736"},"modified":"2016-02-01T09:23:50","modified_gmt":"2016-02-01T08:23:50","slug":"una-trentena-de-professionals-promouen-la-inclusio-en-formacio-i-ocupacio-dels-i-les-joves-de-la-comarca","status":"publish","type":"post","link":"https:\/\/inclusioaltemporda.cat\/portal\/una-trentena-de-professionals-promouen-la-inclusio-en-formacio-i-ocupacio-dels-i-les-joves-de-la-comarca\/","title":{"rendered":"Una trentena de professionals promouen la inclusi\u00f3 en formaci\u00f3 i ocupaci\u00f3 dels i les joves de la comarca"},"content":{"rendered":"<p>La Taula Interinstitucional de Formaci\u00f3 i Ocupaci\u00f3 Juvenil de l&#8217;Alt Empord\u00e0, espai de trobada de professionals que treballen en l&#8217;\u00e0mbit de la formaci\u00f3\u00a0 i l&#8217;ocupaci\u00f3 dels i les joves de la comarca, es va reunir fa uns dies a la seu del Consell Comarcal.<\/p>\n<p>En aquesta sessi\u00f3 de treball celebrada a finals d&#8217;octubre es va intercanviar informaci\u00f3 sobre l&#8217;oferta formativa a la comarca destacant els nous cicles formatius per al curs 2013-2014:<\/p>\n<p>&#8211; CFGM d&#8217;olis, oliva i del vi de l&#8217;INS de Llan\u00e7\u00e0 que ha comen\u00e7at el curs amb 18 alumnes.<\/p>\n<p>&#8211; CFGM de Manteniment d&#8217;Embarcacions d&#8217;esbarjo de l&#8217;INS de Castell\u00f3 d&#8217;Emp\u00faries que ha arrencat amb 25 alumnes.<\/p>\n<p>&#8211; CFGM d&#8217;Integraci\u00f3 Social a l&#8217;INS Ramon Muntaner de Figueres que ha iniciat el curs amb 30 alumnes.<\/p>\n<p>&#8211; La formaci\u00f3 espec\u00edfic en Salvament i Socorrisme a l&#8217;INS Illa de Rodes de Roses, que s&#8217;ha posat en marxa amb 48 alumnes repartits amb l&#8217;INS de Banyoles i l&#8217;INS de Lloret de Mar.<\/p>\n<p>&#8211; El Programa Okup&#8217;Alt 2014 de formaci\u00f3 professionalitzadora adre\u00e7ada a joves de 16-19 anys sense l&#8217;ESO que es posar\u00e0 en marxa el mes de gener.<\/p>\n<p>&#8211; Les aules de suport als alumnes de l&#8217;Institut Obert de Catalunya (IOC), joves a partir de 16 anys que volen obtenir l&#8217;ESO, als municipis de Castell\u00f3 d&#8217;Emp\u00faries, Figueres, La Jonquera i Vilafant.<\/p>\n<p>&#8211; El programa Joves per a l&#8217;Ocupaci\u00f3 de l&#8217;SMIO de l&#8217;Ajuntament de Figueres, que ofereix formaci\u00f3 i pr\u00e0ctiques laborals a joves d&#8217;entre 16-25 anys en atur i amb baixa qualificaci\u00f3.<\/p>\n<p>&nbsp;<\/p>\n","protected":false},"excerpt":{"rendered":"<p>La Taula Interinstitucional de Formaci\u00f3 i Ocupaci\u00f3 Juvenil de l&#8217;Alt Empord\u00e0, espai de trobada de professionals que treballen en l&#8217;\u00e0mbit de la formaci\u00f3\u00a0 i l&#8217;ocupaci\u00f3 dels i les joves de&hellip;<\/p>\n","protected":false},"author":3,"featured_media":2737,"comment_status":"closed","ping_status":"closed","sticky":false,"template":"","format":"standard","meta":{"footnotes":""},"categories":[106,101,105,104,103,108,102],"tags":[24,65],"class_list":["post-2736","post","type-post","status-publish","format-standard","has-post-thumbnail","hentry","category-administracions","category-ciutadania","category-empreses","category-entitats-socials","category-estudiants-escoles-instituts","category-mitjans-comunicacio","category-professionals-ambit-social","tag-inclusio-social","tag-joves","category-106","category-101","category-105","category-104","category-103","category-108","category-102","description-off"],"_links":{"self":[{"href":"https:\/\/inclusioaltemporda.cat\/portal\/wp-json\/wp\/v2\/posts\/2736","targetHints":{"allow":["GET"]}}],"collection":[{"href":"https:\/\/inclusioaltemporda.cat\/portal\/wp-json\/wp\/v2\/posts"}],"about":[{"href":"https:\/\/inclusioaltemporda.cat\/portal\/wp-json\/wp\/v2\/types\/post"}],"author":[{"embeddable":true,"href":"https:\/\/inclusioaltemporda.cat\/portal\/wp-json\/wp\/v2\/users\/3"}],"replies":[{"embeddable":true,"href":"https:\/\/inclusioaltemporda.cat\/portal\/wp-json\/wp\/v2\/comments?post=2736"}],"version-history":[{"count":3,"href":"https:\/\/inclusioaltemporda.cat\/portal\/wp-json\/wp\/v2\/posts\/2736\/revisions"}],"predecessor-version":[{"id":2740,"href":"https:\/\/inclusioaltemporda.cat\/portal\/wp-json\/wp\/v2\/posts\/2736\/revisions\/2740"}],"wp:featuredmedia":[{"embeddable":true,"href":"https:\/\/inclusioaltemporda.cat\/portal\/wp-json\/wp\/v2\/media\/2737"}],"wp:attachment":[{"href":"https:\/\/inclusioaltemporda.cat\/portal\/wp-json\/wp\/v2\/media?parent=2736"}],"wp:term":[{"taxonomy":"category","embeddable":true,"href":"https:\/\/inclusioaltemporda.cat\/portal\/wp-json\/wp\/v2\/categories?post=2736"},{"taxonomy":"post_tag","embeddable":true,"href":"https:\/\/inclusioaltemporda.cat\/portal\/wp-json\/wp\/v2\/tags?post=2736"}],"curies":[{"name":"wp","href":"https:\/\/api.w.org\/{rel}","templated":true}]}}