{"id":2742,"date":"2013-11-19T10:58:11","date_gmt":"2013-11-19T09:58:11","guid":{"rendered":"https:\/\/inclusioaltemporda.cat\/portal\/?p=2742"},"modified":"2016-02-01T09:23:50","modified_gmt":"2016-02-01T08:23:50","slug":"obertament-llanca-una-campanya-contra-la-discriminacio-en-salut-mental","status":"publish","type":"post","link":"https:\/\/inclusioaltemporda.cat\/portal\/obertament-llanca-una-campanya-contra-la-discriminacio-en-salut-mental\/","title":{"rendered":"&#8220;Obertament&#8221; llan\u00e7a una campanya contra la discriminaci\u00f3 en salut mental"},"content":{"rendered":"<p>Els <a href=\"http:\/\/obertament.org\/qui-som.html\" target=\"_blank\">principals agents<\/a> del sector de la salut mental de Catalunya, aplegats sota la plataforma Obertament, han impulsat la campanya <a href=\"http:\/\/obertament.org\/donalacara\/\" target=\"_blank\">&#8220;Es busca fam\u00f3s&#8221;<\/a> amb l&#8217;objectiu de sensibilitzar la societat contra l\u2019estigma en salut mental, provocar la reflexi\u00f3 i el debat p\u00fablic. Sense \u00e0nim d\u2019assenyalar ning\u00fa en particular, la campanya suggereix una icona que simbolitza un l\u00edder d\u2019opini\u00f3 que t\u00e9 la funci\u00f3 d\u2019altaveu i referent social<\/p>\n<p>Obertament vol fomentar que les persones afectades, famoses o no, puguin donar la cara i perdin la por a recon\u00e8ixer aquesta part de la seva vida, parlant amb normalitat del seu diagn\u00f2stic en el seu entorn proper. Per aquest motiu \u00e9s necessari sensibilitzar la problem\u00e0tica atorgant-li notorietat perqu\u00e8 la poblaci\u00f3 la conegui, hi empatitzi i es generi una base social que doni suport a la causa perqu\u00e8 la salut mental s\u2019entengui i es recolzi per part de tota la societat.<\/p>\n<p>&#8220;Es busca fam\u00f3s&#8221; parteix de la reflexi\u00f3 que altres col\u00b7lectius compten amb personalitats que en primera persona ajuden a visibilitzar la seva causa, mentre que a Catalunya no hi ha persones famoses reconeguin p\u00fablicament tenir un problema de salut mental. Segons l\u2019OMS (Organitzaci\u00f3 Mundial de la Salut), 1 de cada 4 persones experimentar\u00e0 un problema de salut mental en algun moment de la seva vida. Per tant, la salut mental \u00e9s un problema de tots que, no obstant, molt sovint trobem silenciat.<\/p>\n<p>&nbsp;<\/p>\n<p>&nbsp;<\/p>\n","protected":false},"excerpt":{"rendered":"<p>Els principals agents del sector de la salut mental de Catalunya, aplegats sota la plataforma Obertament, han impulsat la campanya &#8220;Es busca fam\u00f3s&#8221; amb l&#8217;objectiu de sensibilitzar la societat contra&hellip;<\/p>\n","protected":false},"author":2,"featured_media":2745,"comment_status":"closed","ping_status":"closed","sticky":false,"template":"","format":"standard","meta":{"footnotes":""},"categories":[106,101,104,108],"tags":[57,59,51],"class_list":["post-2742","post","type-post","status-publish","format-standard","has-post-thumbnail","hentry","category-administracions","category-ciutadania","category-entitats-socials","category-mitjans-comunicacio","tag-igualtat-doportunitats","tag-innovacio","tag-voluntariat","category-106","category-101","category-104","category-108","description-off"],"_links":{"self":[{"href":"https:\/\/inclusioaltemporda.cat\/portal\/wp-json\/wp\/v2\/posts\/2742","targetHints":{"allow":["GET"]}}],"collection":[{"href":"https:\/\/inclusioaltemporda.cat\/portal\/wp-json\/wp\/v2\/posts"}],"about":[{"href":"https:\/\/inclusioaltemporda.cat\/portal\/wp-json\/wp\/v2\/types\/post"}],"author":[{"embeddable":true,"href":"https:\/\/inclusioaltemporda.cat\/portal\/wp-json\/wp\/v2\/users\/2"}],"replies":[{"embeddable":true,"href":"https:\/\/inclusioaltemporda.cat\/portal\/wp-json\/wp\/v2\/comments?post=2742"}],"version-history":[{"count":3,"href":"https:\/\/inclusioaltemporda.cat\/portal\/wp-json\/wp\/v2\/posts\/2742\/revisions"}],"predecessor-version":[{"id":2747,"href":"https:\/\/inclusioaltemporda.cat\/portal\/wp-json\/wp\/v2\/posts\/2742\/revisions\/2747"}],"wp:featuredmedia":[{"embeddable":true,"href":"https:\/\/inclusioaltemporda.cat\/portal\/wp-json\/wp\/v2\/media\/2745"}],"wp:attachment":[{"href":"https:\/\/inclusioaltemporda.cat\/portal\/wp-json\/wp\/v2\/media?parent=2742"}],"wp:term":[{"taxonomy":"category","embeddable":true,"href":"https:\/\/inclusioaltemporda.cat\/portal\/wp-json\/wp\/v2\/categories?post=2742"},{"taxonomy":"post_tag","embeddable":true,"href":"https:\/\/inclusioaltemporda.cat\/portal\/wp-json\/wp\/v2\/tags?post=2742"}],"curies":[{"name":"wp","href":"https:\/\/api.w.org\/{rel}","templated":true}]}}