{"id":2749,"date":"2013-11-21T12:52:03","date_gmt":"2013-11-21T11:52:03","guid":{"rendered":"https:\/\/inclusioaltemporda.cat\/portal\/?p=2749"},"modified":"2016-02-01T09:23:50","modified_gmt":"2016-02-01T08:23:50","slug":"larea-de-benestar-informa-dels-serveis-datencio-a-la-infancia-i-dels-serveis-datencio-a-les-dones-victimes-de-violencia-a-les-arees-basiques-de-salut-de-la-comarca","status":"publish","type":"post","link":"https:\/\/inclusioaltemporda.cat\/portal\/larea-de-benestar-informa-dels-serveis-datencio-a-la-infancia-i-dels-serveis-datencio-a-les-dones-victimes-de-violencia-a-les-arees-basiques-de-salut-de-la-comarca\/","title":{"rendered":"L&#8217;\u00e0rea de Benestar informa dels Serveis d&#8217;Atenci\u00f3 a la Inf\u00e0ncia i dels Serveis d&#8217;Atenci\u00f3 a les Dones v\u00edctimes de viol\u00e8ncia a les \u00e0rees b\u00e0siques de Salut de la comarca"},"content":{"rendered":"<p>Aquesta tardor i al llarg del primer semestre de l&#8217;any que ve professionals de l&#8217;\u00e0rea de Benestar informaran dels Serveis d&#8217;Atenci\u00f3 a la Inf\u00e0ncia i el Serveis d&#8217;Atenci\u00f3 a les Dones v\u00edctimes de viol\u00e8ncia de g\u00e8nere a les \u00e0rees b\u00e0siques de Salut de la comarca.<\/p>\n<p>Aquesta iniciativa va emergir de la petici\u00f3 de diferents professionals de l&#8217;\u00e0mbit de la salut que participen en la Comissi\u00f3 Comarcal de Viol\u00e8ncia de G\u00e8nere que es reuneix peri\u00f2dicament.<\/p>\n<p>El mes d&#8217;octubre passat es va fer la primera xerrada informativa al CAP de Vilafant i s&#8217;han programat altres intervencions en els CAP&#8217;s de la comarca per als propers mesos.<\/p>\n","protected":false},"excerpt":{"rendered":"<p>Aquesta tardor i al llarg del primer semestre de l&#8217;any que ve professionals de l&#8217;\u00e0rea de Benestar informaran dels Serveis d&#8217;Atenci\u00f3 a la Inf\u00e0ncia i el Serveis d&#8217;Atenci\u00f3 a les&hellip;<\/p>\n","protected":false},"author":3,"featured_media":2750,"comment_status":"closed","ping_status":"closed","sticky":false,"template":"","format":"standard","meta":{"footnotes":""},"categories":[106,100,101,104,108,102],"tags":[27,24],"class_list":["post-2749","post","type-post","status-publish","format-standard","has-post-thumbnail","hentry","category-administracions","category-area-benestar","category-ciutadania","category-entitats-socials","category-mitjans-comunicacio","category-professionals-ambit-social","tag-benestar-ccae","tag-inclusio-social","category-106","category-100","category-101","category-104","category-108","category-102","description-off"],"_links":{"self":[{"href":"https:\/\/inclusioaltemporda.cat\/portal\/wp-json\/wp\/v2\/posts\/2749","targetHints":{"allow":["GET"]}}],"collection":[{"href":"https:\/\/inclusioaltemporda.cat\/portal\/wp-json\/wp\/v2\/posts"}],"about":[{"href":"https:\/\/inclusioaltemporda.cat\/portal\/wp-json\/wp\/v2\/types\/post"}],"author":[{"embeddable":true,"href":"https:\/\/inclusioaltemporda.cat\/portal\/wp-json\/wp\/v2\/users\/3"}],"replies":[{"embeddable":true,"href":"https:\/\/inclusioaltemporda.cat\/portal\/wp-json\/wp\/v2\/comments?post=2749"}],"version-history":[{"count":3,"href":"https:\/\/inclusioaltemporda.cat\/portal\/wp-json\/wp\/v2\/posts\/2749\/revisions"}],"predecessor-version":[{"id":2753,"href":"https:\/\/inclusioaltemporda.cat\/portal\/wp-json\/wp\/v2\/posts\/2749\/revisions\/2753"}],"wp:featuredmedia":[{"embeddable":true,"href":"https:\/\/inclusioaltemporda.cat\/portal\/wp-json\/wp\/v2\/media\/2750"}],"wp:attachment":[{"href":"https:\/\/inclusioaltemporda.cat\/portal\/wp-json\/wp\/v2\/media?parent=2749"}],"wp:term":[{"taxonomy":"category","embeddable":true,"href":"https:\/\/inclusioaltemporda.cat\/portal\/wp-json\/wp\/v2\/categories?post=2749"},{"taxonomy":"post_tag","embeddable":true,"href":"https:\/\/inclusioaltemporda.cat\/portal\/wp-json\/wp\/v2\/tags?post=2749"}],"curies":[{"name":"wp","href":"https:\/\/api.w.org\/{rel}","templated":true}]}}