{"id":2754,"date":"2013-11-22T12:29:53","date_gmt":"2013-11-22T11:29:53","guid":{"rendered":"https:\/\/inclusioaltemporda.cat\/portal\/?p=2754"},"modified":"2016-02-01T09:23:50","modified_gmt":"2016-02-01T08:23:50","slug":"25n-dia-internacional-contra-la-violencia-de-genere","status":"publish","type":"post","link":"https:\/\/inclusioaltemporda.cat\/portal\/25n-dia-internacional-contra-la-violencia-de-genere\/","title":{"rendered":"25N Dia Internacional contra la viol\u00e8ncia de g\u00e8nere"},"content":{"rendered":"<p>L&#8217;any 1999 l&#8217;Assemblea General de Nacions Unides establia el 25 de novembre com a <a href=\"http:\/\/www.un.org\/es\/events\/endviolenceday\/\" target=\"_blank\">Dia Internacional per a la Eliminaci\u00f3 de la Viol\u00e8ncia contra les Dones<\/a>. Coincidint amb aquesta data diferents institucions i entitats organitzen activitats per commemorar la diada a diferents pobles i ciutats de Catalunya.<\/p>\n<p>Enguany el Consell Comarcal de l&#8217;Alt Empord\u00e0 participar\u00e0 en l&#8217;<a href=\"https:\/\/inclusioaltemporda.cat\/portal\/?p=2756\" target=\"_blank\">acte organitzat per l&#8217;Ajuntament de Llan\u00e7\u00e0 aquell dia<\/a>, en qu\u00e8 es presentar\u00e0 l&#8217;Associaci\u00f3 de Dones i Voluntariat de Llan\u00e7\u00e0 i es dur\u00e0 a terme la xerrada-col\u00b7loqui &#8220;Sensibilitzaci\u00f3 i prevenci\u00f3 de la viol\u00e8ncia de G\u00e8nere&#8221;.<\/p>\n<p>En aquesta xerrada hi participaran, Meritxell Pom\u00e9s,\u00a0 Coordinadora del <a href=\"https:\/\/inclusioaltemporda.cat\/portal\/larea-de-benesta-servei-dinformacio-i-assessorament-a-les-dones\/\">SIAD del Consell Comarcal<\/a>, Yolanda Tell, del Grup d&#8217;atenci\u00f3 a les v\u00edctimes dels Mossos d&#8217;Esquadra, i Fina Surina, Coordinadora Territorial de l&#8217;<a href=\"http:\/\/www20.gencat.cat\/portal\/site\/icdones\">Institut Catal\u00e0 de les Dones<\/a>.<\/p>\n<p>El mateix dilluns 25 de novembre, el Grup de Dones de l&#8217;Alt Empord\u00e0 &#8220;Gl\u00f2ria Compte&#8221; i l&#8217;<a href=\"http:\/\/www.figueres.cat\/\" target=\"_blank\">Ajuntament de Figueres<\/a>, amb la col\u00b7laboraci\u00f3 del Centre Penitenciari de Figueres, el Pla de\u00a0Desenvolupament Comunitari, Ksameu, el Grup de\u00a0Ball\u00a0En L\u00ednea i l&#8217;Estudi d&#8217;Arts Esc\u00e8niques d&#8217;Eva Mas, organitzen un homenatge a les v\u00edctimes de la viol\u00e8ncia masclista a la Pla\u00e7a de l&#8217;Ajuntament de 17h a 20h.<\/p>\n<p>D&#8217;altra banda, coincidint amb aquesta data, el <a href=\"http:\/\/www.parlament.cat\/web\" target=\"_blank\">Parlament de Catalunya<\/a> ha aprovat recentment una Resoluci\u00f3 en que &#8220;reitera p\u00fablicament el seu comprom\u00eds en l&#8217;eradicaci\u00f3 de qualsevol forma de viol\u00e8ncia envers les dones i expressa el seu condol per la mort enguany de tres dones v\u00edctimes de viol\u00e8ncia masclista a Catalunya i el seu suport als milers de dones que quotidianament pateixen viol\u00e8ncia aqu\u00ed i arreu del m\u00f3n (..) L\u2019assassinat, l\u2019agressi\u00f3, la intimidaci\u00f3 i la coacci\u00f3 a les dones s\u00f3n expressions de les m\u00faltiples formes de viol\u00e8ncia masclista, des de les m\u00e9s subtils manipulacions psicol\u00f2giques o estigmatitzacions sexistes fins a les agressions sexuals o qualsevol altra forma de viol\u00e8ncia envers les dones. Totes aquestes viol\u00e8ncies requereixen respostes espec\u00edfiques i diverses, per\u00f2 tenen un denominador com\u00fa: el masclisme arrelat a les estructures socials i les relacions desiguals entre els homes i les dones&#8221;.<\/p>\n","protected":false},"excerpt":{"rendered":"<p>L&#8217;any 1999 l&#8217;Assemblea General de Nacions Unides establia el 25 de novembre com a Dia Internacional per a la Eliminaci\u00f3 de la Viol\u00e8ncia contra les Dones. Coincidint amb aquesta data&hellip;<\/p>\n","protected":false},"author":2,"featured_media":2647,"comment_status":"closed","ping_status":"closed","sticky":false,"template":"","format":"standard","meta":{"footnotes":""},"categories":[106,33,101,105,104,103,108],"tags":[119,53,27,24,17],"class_list":["post-2754","post","type-post","status-publish","format-standard","has-post-thumbnail","hentry","category-administracions","category-agenda","category-ciutadania","category-empreses","category-entitats-socials","category-estudiants-escoles-instituts","category-mitjans-comunicacio","tag-agenda-ca","tag-ajuntament-figueres","tag-benestar-ccae","tag-inclusio-social","tag-taula","category-106","category-33","category-101","category-105","category-104","category-103","category-108","description-off"],"_links":{"self":[{"href":"https:\/\/inclusioaltemporda.cat\/portal\/wp-json\/wp\/v2\/posts\/2754","targetHints":{"allow":["GET"]}}],"collection":[{"href":"https:\/\/inclusioaltemporda.cat\/portal\/wp-json\/wp\/v2\/posts"}],"about":[{"href":"https:\/\/inclusioaltemporda.cat\/portal\/wp-json\/wp\/v2\/types\/post"}],"author":[{"embeddable":true,"href":"https:\/\/inclusioaltemporda.cat\/portal\/wp-json\/wp\/v2\/users\/2"}],"replies":[{"embeddable":true,"href":"https:\/\/inclusioaltemporda.cat\/portal\/wp-json\/wp\/v2\/comments?post=2754"}],"version-history":[{"count":16,"href":"https:\/\/inclusioaltemporda.cat\/portal\/wp-json\/wp\/v2\/posts\/2754\/revisions"}],"predecessor-version":[{"id":2770,"href":"https:\/\/inclusioaltemporda.cat\/portal\/wp-json\/wp\/v2\/posts\/2754\/revisions\/2770"}],"wp:featuredmedia":[{"embeddable":true,"href":"https:\/\/inclusioaltemporda.cat\/portal\/wp-json\/wp\/v2\/media\/2647"}],"wp:attachment":[{"href":"https:\/\/inclusioaltemporda.cat\/portal\/wp-json\/wp\/v2\/media?parent=2754"}],"wp:term":[{"taxonomy":"category","embeddable":true,"href":"https:\/\/inclusioaltemporda.cat\/portal\/wp-json\/wp\/v2\/categories?post=2754"},{"taxonomy":"post_tag","embeddable":true,"href":"https:\/\/inclusioaltemporda.cat\/portal\/wp-json\/wp\/v2\/tags?post=2754"}],"curies":[{"name":"wp","href":"https:\/\/api.w.org\/{rel}","templated":true}]}}