{"id":2778,"date":"2013-11-26T08:38:29","date_gmt":"2013-11-26T07:38:29","guid":{"rendered":"https:\/\/inclusioaltemporda.cat\/portal\/?p=2778"},"modified":"2016-02-01T09:23:50","modified_gmt":"2016-02-01T08:23:50","slug":"iv-congres-del-tercer-sector-social-avancar-en-igualtat-i-drets-socials","status":"publish","type":"post","link":"https:\/\/inclusioaltemporda.cat\/portal\/iv-congres-del-tercer-sector-social-avancar-en-igualtat-i-drets-socials\/","title":{"rendered":"IV Congr\u00e8s del Tercer Sector Social: Avan\u00e7ar en igualtat i drets socials"},"content":{"rendered":"<div>\n<div>\n<div>\n<p>Entre dimecres i divendres d&#8217;aquesta setmana la <a href=\"http:\/\/www.tercersector.cat\/\" target=\"_blank\">Taula del Tercer Sector Social<\/a> de Catalunya organitza el <a href=\"http:\/\/www.congrestercersector.cat\/\" target=\"_blank\">IV Congr\u00e9s del Tercer Sector Social<\/a> al Centre de Convencions Internacional de Barcelona (F\u00f2rum), que sota el lema \u2018Avan\u00e7ar en igualtat i drets socials\u2019 aplegar\u00e0 al voltant de 2.000 participants, entre els quals algunes entitats de la <a href=\"https:\/\/inclusioaltemporda.cat\/portal\/taula-per-a-la-inclusio\/\">Taula per a la Inclusi\u00f3 i la Cohesi\u00f3 social de l&#8217;Alt Empord\u00e0<\/a>.<\/p>\n<p>El IV Congr\u00e9s se celebrar\u00e0 en un greu context de crisi econ\u00f2mica, per aquest motiu, la Taula del Tercer sector vol aprofitar l&#8217;esdeveniment per continuar enfortint la identitat del Tercer Sector Social i reafirmant la seva capacitat per defensar els drets socials i reivindicar m\u00e9s i millors pol\u00edtiques contra les desigualtats socials del moment.<\/p>\n<p>La confer\u00e8ncia inaugural del Congr\u00e9s, que es celebrar\u00e0 dimecres a les 17h, anir\u00e0 a c\u00e0rrec del periodista i fil\u00f2sof, Josep Ramoneda, amb la pon\u00e8ncia titulada &#8220;Combatre avui la crisi de les desigualtats&#8221;. El <a href=\"http:\/\/www.tercersector.cat\/sites\/www.tercersector.cat\/files\/programa_iv_congres_del_tss_3.pdf\" target=\"_blank\">programa del IV Congr\u00e9s del Tercer Sector Social<\/a> tamb\u00e9 inclou 4 col\u00b7loquis que abordaran des de diferents punts de vista com fer avan\u00e7ar l&#8217;Estat del Benestar i quina pot ser la contribuci\u00f3 de les entitats socials catalanes, i 10 debats, en els quals es plantejaran el 10 principals reptes que t\u00e9 el Tercer Sector Social catal\u00e0 en l&#8217;actualitat. Paral\u00b7lelament, durant el IV Congr\u00e9s del Tercer Sector Social s\u2019hi presentaran 62 experi\u00e8ncies de bones pr\u00e0ctiques que actualment estan portant a terme entitats socials del pa\u00eds.<\/p>\n<p>&nbsp;<\/p>\n<\/div>\n<\/div>\n<\/div>\n","protected":false},"excerpt":{"rendered":"<p>Entre dimecres i divendres d&#8217;aquesta setmana la Taula del Tercer Sector Social de Catalunya organitza el IV Congr\u00e9s del Tercer Sector Social al Centre de Convencions Internacional de Barcelona (F\u00f2rum),&hellip;<\/p>\n","protected":false},"author":2,"featured_media":1371,"comment_status":"closed","ping_status":"closed","sticky":false,"template":"","format":"standard","meta":{"footnotes":""},"categories":[106,33,107,101,105,104,103,108,102],"tags":[52,17,51],"class_list":["post-2778","post","type-post","status-publish","format-standard","has-post-thumbnail","hentry","category-administracions","category-agenda","category-centres-recerca-universitats","category-ciutadania","category-empreses","category-entitats-socials","category-estudiants-escoles-instituts","category-mitjans-comunicacio","category-professionals-ambit-social","tag-entitats-de-la-taula","tag-taula","tag-voluntariat","category-106","category-33","category-107","category-101","category-105","category-104","category-103","category-108","category-102","description-off"],"_links":{"self":[{"href":"https:\/\/inclusioaltemporda.cat\/portal\/wp-json\/wp\/v2\/posts\/2778","targetHints":{"allow":["GET"]}}],"collection":[{"href":"https:\/\/inclusioaltemporda.cat\/portal\/wp-json\/wp\/v2\/posts"}],"about":[{"href":"https:\/\/inclusioaltemporda.cat\/portal\/wp-json\/wp\/v2\/types\/post"}],"author":[{"embeddable":true,"href":"https:\/\/inclusioaltemporda.cat\/portal\/wp-json\/wp\/v2\/users\/2"}],"replies":[{"embeddable":true,"href":"https:\/\/inclusioaltemporda.cat\/portal\/wp-json\/wp\/v2\/comments?post=2778"}],"version-history":[{"count":2,"href":"https:\/\/inclusioaltemporda.cat\/portal\/wp-json\/wp\/v2\/posts\/2778\/revisions"}],"predecessor-version":[{"id":2780,"href":"https:\/\/inclusioaltemporda.cat\/portal\/wp-json\/wp\/v2\/posts\/2778\/revisions\/2780"}],"wp:featuredmedia":[{"embeddable":true,"href":"https:\/\/inclusioaltemporda.cat\/portal\/wp-json\/wp\/v2\/media\/1371"}],"wp:attachment":[{"href":"https:\/\/inclusioaltemporda.cat\/portal\/wp-json\/wp\/v2\/media?parent=2778"}],"wp:term":[{"taxonomy":"category","embeddable":true,"href":"https:\/\/inclusioaltemporda.cat\/portal\/wp-json\/wp\/v2\/categories?post=2778"},{"taxonomy":"post_tag","embeddable":true,"href":"https:\/\/inclusioaltemporda.cat\/portal\/wp-json\/wp\/v2\/tags?post=2778"}],"curies":[{"name":"wp","href":"https:\/\/api.w.org\/{rel}","templated":true}]}}