{"id":2781,"date":"2013-11-27T08:35:16","date_gmt":"2013-11-27T07:35:16","guid":{"rendered":"https:\/\/inclusioaltemporda.cat\/portal\/?p=2781"},"modified":"2016-02-01T09:23:49","modified_gmt":"2016-02-01T08:23:49","slug":"mes-de-40-professionals-participen-en-la-jornada-nosaltres-sobre-treball-comunitari-per-a-la-inclusio-social","status":"publish","type":"post","link":"https:\/\/inclusioaltemporda.cat\/portal\/mes-de-40-professionals-participen-en-la-jornada-nosaltres-sobre-treball-comunitari-per-a-la-inclusio-social\/","title":{"rendered":"M\u00e9s de 40 professionals participen en la Jornada NOS+ALTRES sobre Treball Comunitari per a la Inclusi\u00f3 Social"},"content":{"rendered":"<p>Al llarg d&#8217;aquest mat\u00ed m\u00e9s de 40 professionals participen en la Jornada NOS+ALTRES que enguany s&#8217;ha centrat en el treball comunitari per a la inclusi\u00f3 social i es planteja la q\u00fcesti\u00f3 de la diversitat com a repte. La Jornada organitzada per l&#8217;\u00c0rea de Benestar del Consell Comarcal de l&#8217;Alt Empord\u00e0 i l&#8217;Ajuntament de Figueres, t\u00e9 lloc a la seu del consell comarcal. El programa s&#8217;iniciar\u00e0 amb una pon\u00e8ncia de Miquel Angel Essomba, pedagog i professor del Departament de Pedagogia Aplicada de la Universitat Aut\u00f2noma de Barcelona, sobre l&#8217;acci\u00f3 comunit\u00e0ria intercultural i la sessi\u00f3 de debat posterior, dinamitzada per Rub\u00e9n David Fern\u00e0ndez de la Cooperativa Etcs,\u00a0 es conduir\u00e0 a partir de la presentaci\u00f3 d&#8217;experi\u00e8ncies comunit\u00e0ries seg\u00fcents: &#8220;Suport a ve\u00efns i ve\u00efnes\u00a0 a Banyoles i Palam\u00f3s&#8221; a c\u00e0rrec de Joan Fulgaroles, dinamitzador comunitari de l&#8217;Ajuntament de Banyoles; &#8220;Treball comunitari a trav\u00e9s de la m\u00fasica&#8221; a c\u00e0rrec d&#8217;Eduard Bonet de l&#8217;Associaci\u00f3 Arrels Urbanes; &#8220;Taller d&#8217;autonomia i motivaci\u00f3 socio-laboral amd dones d&#8217;origen marroqu\u00ed, a c\u00e0rrec de Montse Sanchez,\u00a0 treballadora social del Consell Comarcal de l&#8217;Alt Empord\u00e0 i &#8220;Un barri plural&#8221; a c\u00e0rrec de Sira Vilardell, de la Fundaci\u00f3 Surt. La Jornada es clour\u00e0 amb el lliurament del III Premi Nayra\u00a0 de l&#8217;Observatori de les Dones Immigrades que atorga el Consell Comarcal de l&#8217;Alt Empord\u00e0.<\/p>\n","protected":false},"excerpt":{"rendered":"<p>Al llarg d&#8217;aquest mat\u00ed m\u00e9s de 40 professionals participen en la Jornada NOS+ALTRES que enguany s&#8217;ha centrat en el treball comunitari per a la inclusi\u00f3 social i es planteja la&hellip;<\/p>\n","protected":false},"author":3,"featured_media":947,"comment_status":"closed","ping_status":"closed","sticky":false,"template":"","format":"standard","meta":{"footnotes":""},"categories":[106,100,107,101,105,104,103,108,102],"tags":[24,62,16],"class_list":["post-2781","post","type-post","status-publish","format-standard","has-post-thumbnail","hentry","category-administracions","category-area-benestar","category-centres-recerca-universitats","category-ciutadania","category-empreses","category-entitats-socials","category-estudiants-escoles-instituts","category-mitjans-comunicacio","category-professionals-ambit-social","tag-inclusio-social","tag-pla-ciutadania-i-immigracio","tag-pla-inclusio","category-106","category-100","category-107","category-101","category-105","category-104","category-103","category-108","category-102","description-off"],"_links":{"self":[{"href":"https:\/\/inclusioaltemporda.cat\/portal\/wp-json\/wp\/v2\/posts\/2781","targetHints":{"allow":["GET"]}}],"collection":[{"href":"https:\/\/inclusioaltemporda.cat\/portal\/wp-json\/wp\/v2\/posts"}],"about":[{"href":"https:\/\/inclusioaltemporda.cat\/portal\/wp-json\/wp\/v2\/types\/post"}],"author":[{"embeddable":true,"href":"https:\/\/inclusioaltemporda.cat\/portal\/wp-json\/wp\/v2\/users\/3"}],"replies":[{"embeddable":true,"href":"https:\/\/inclusioaltemporda.cat\/portal\/wp-json\/wp\/v2\/comments?post=2781"}],"version-history":[{"count":4,"href":"https:\/\/inclusioaltemporda.cat\/portal\/wp-json\/wp\/v2\/posts\/2781\/revisions"}],"predecessor-version":[{"id":2785,"href":"https:\/\/inclusioaltemporda.cat\/portal\/wp-json\/wp\/v2\/posts\/2781\/revisions\/2785"}],"wp:featuredmedia":[{"embeddable":true,"href":"https:\/\/inclusioaltemporda.cat\/portal\/wp-json\/wp\/v2\/media\/947"}],"wp:attachment":[{"href":"https:\/\/inclusioaltemporda.cat\/portal\/wp-json\/wp\/v2\/media?parent=2781"}],"wp:term":[{"taxonomy":"category","embeddable":true,"href":"https:\/\/inclusioaltemporda.cat\/portal\/wp-json\/wp\/v2\/categories?post=2781"},{"taxonomy":"post_tag","embeddable":true,"href":"https:\/\/inclusioaltemporda.cat\/portal\/wp-json\/wp\/v2\/tags?post=2781"}],"curies":[{"name":"wp","href":"https:\/\/api.w.org\/{rel}","templated":true}]}}