{"id":2786,"date":"2013-11-28T09:12:54","date_gmt":"2013-11-28T08:12:54","guid":{"rendered":"https:\/\/inclusioaltemporda.cat\/portal\/?p=2786"},"modified":"2016-02-01T09:23:49","modified_gmt":"2016-02-01T08:23:49","slug":"la-fundacio-plataforma-educativa-rep-el-iii-premi-nayra-en-reconeixement-al-seu-projecte-demprenedoria-amb-dones-nouvingudes","status":"publish","type":"post","link":"https:\/\/inclusioaltemporda.cat\/portal\/la-fundacio-plataforma-educativa-rep-el-iii-premi-nayra-en-reconeixement-al-seu-projecte-demprenedoria-amb-dones-nouvingudes\/","title":{"rendered":"La Fundaci\u00f3 Plataforma Educativa rep el III Premi Nayra en reconeixement al seu projecte d&#8217;emprenedoria amb dones nouvingudes"},"content":{"rendered":"<p>En el marc de la Jornada NOS+ALTRES Debats entorn la nova ciutadania, ahir es va lliurar el III Premi Nayra a la Fundaci\u00f3 Plataforma Educativa en reconeixement al seu projecte EFCI DONES (Escola de Facilitadors de la Creativitat i la Innovaci\u00f3) orientat al foment de l&#8217;emprenedoria amb dones nouvingudes al municipi de Salt. Raquel Sabater, coordinadora t\u00e8cnica de la Fundaci\u00f3, i Mar Bosch, resposable del projecte, van recollir el III Premi Nayra de mans del conseller comarcal de l&#8217;\u00e0rea de Benestar, Jos\u00e9 Luis Y\u00e9cora a la seu del consell comarcal<\/p>\n<p>El Jurat del Premi va valorar especialment aquest projecte en tant que permet un abordatge integral de les problem\u00e0tiques d&#8217;integraci\u00f3 socio-laboral a les quals han de fer front les dones nouvingudes, la seva innovaci\u00f3 en el plantejament de la tem\u00e0tica i el treball en xarxa que promou l&#8217;acostament de les dones al teixit associatiu i empresarial del territori.<\/p>\n<p>El projecte, que ofereix tallers formatius de 4 hores setmanals (120 hores), treballa l&#8217;autoestima i autoconeixement de les dones participants per tal de descobrir compet\u00e8ncies, talents i limitacions i les acompanya en aquest proc\u00e9s. Les dones que han participat en el projecte han seguit traject\u00f2ries vitals diverses, algunes s&#8217;han inserit al mercat de treball, d&#8217;altres han continuat la seva formaci\u00f3 i d&#8217;altres han iniciat un projecte d&#8217;emprenedoria empresarial.<\/p>\n","protected":false},"excerpt":{"rendered":"<p>En el marc de la Jornada NOS+ALTRES Debats entorn la nova ciutadania, ahir es va lliurar el III Premi Nayra a la Fundaci\u00f3 Plataforma Educativa en reconeixement al seu projecte&hellip;<\/p>\n","protected":false},"author":3,"featured_media":2789,"comment_status":"closed","ping_status":"closed","sticky":false,"template":"","format":"standard","meta":{"footnotes":""},"categories":[106,100,107,101,105,104,103,102],"tags":[24,62,75],"class_list":["post-2786","post","type-post","status-publish","format-standard","has-post-thumbnail","hentry","category-administracions","category-area-benestar","category-centres-recerca-universitats","category-ciutadania","category-empreses","category-entitats-socials","category-estudiants-escoles-instituts","category-professionals-ambit-social","tag-inclusio-social","tag-pla-ciutadania-i-immigracio","tag-premis-nayra","category-106","category-100","category-107","category-101","category-105","category-104","category-103","category-102","description-off"],"_links":{"self":[{"href":"https:\/\/inclusioaltemporda.cat\/portal\/wp-json\/wp\/v2\/posts\/2786","targetHints":{"allow":["GET"]}}],"collection":[{"href":"https:\/\/inclusioaltemporda.cat\/portal\/wp-json\/wp\/v2\/posts"}],"about":[{"href":"https:\/\/inclusioaltemporda.cat\/portal\/wp-json\/wp\/v2\/types\/post"}],"author":[{"embeddable":true,"href":"https:\/\/inclusioaltemporda.cat\/portal\/wp-json\/wp\/v2\/users\/3"}],"replies":[{"embeddable":true,"href":"https:\/\/inclusioaltemporda.cat\/portal\/wp-json\/wp\/v2\/comments?post=2786"}],"version-history":[{"count":2,"href":"https:\/\/inclusioaltemporda.cat\/portal\/wp-json\/wp\/v2\/posts\/2786\/revisions"}],"predecessor-version":[{"id":2790,"href":"https:\/\/inclusioaltemporda.cat\/portal\/wp-json\/wp\/v2\/posts\/2786\/revisions\/2790"}],"wp:featuredmedia":[{"embeddable":true,"href":"https:\/\/inclusioaltemporda.cat\/portal\/wp-json\/wp\/v2\/media\/2789"}],"wp:attachment":[{"href":"https:\/\/inclusioaltemporda.cat\/portal\/wp-json\/wp\/v2\/media?parent=2786"}],"wp:term":[{"taxonomy":"category","embeddable":true,"href":"https:\/\/inclusioaltemporda.cat\/portal\/wp-json\/wp\/v2\/categories?post=2786"},{"taxonomy":"post_tag","embeddable":true,"href":"https:\/\/inclusioaltemporda.cat\/portal\/wp-json\/wp\/v2\/tags?post=2786"}],"curies":[{"name":"wp","href":"https:\/\/api.w.org\/{rel}","templated":true}]}}