{"id":2792,"date":"2013-11-29T09:02:36","date_gmt":"2013-11-29T08:02:36","guid":{"rendered":"https:\/\/inclusioaltemporda.cat\/portal\/?p=2792"},"modified":"2016-02-01T09:23:49","modified_gmt":"2016-02-01T08:23:49","slug":"lacas-alt-emporda-commeora-el-dia-mundial-contra-el-sida","status":"publish","type":"post","link":"https:\/\/inclusioaltemporda.cat\/portal\/lacas-alt-emporda-commeora-el-dia-mundial-contra-el-sida\/","title":{"rendered":"L&#8217;ACAS Alt Empord\u00e0 commeora el dia mundial contra el SIDA"},"content":{"rendered":"<p>L&#8217;<a href=\"https:\/\/inclusioaltemporda.cat\/portal\/wp-content\/uploads\/fitxa-acas-alt-emporda.pdf\">Associaci\u00f3 Comunit\u00e0ria Anti-SIDA de l&#8217;Alt Empord\u00e0 (ACAS)<\/a> dur\u00e0 a terme durant tot el dia d&#8217;avui una parada informativa, a la Pla\u00e7a de l&#8217;Ajuntament de Figueres, per tal de sensibilitzar entorn el treball\u00a0 de prevenci\u00f3 i suport sobre la problem\u00e0tica associada al VIH\/Sida, que du a terme l&#8217;entitat gironina. Els voluntaris d&#8217;ACAS repartiran material informatiu i preventiu.<\/p>\n<p>Cada 1 de desembre, Dia Mundial de la SIDA, persones de tot el M\u00f3n uneixen esfor\u00e7os per generar una major consci\u00e8ncia entorn les conseq\u00fc\u00e8ncies del del virus de la SIDA i mostrar la solidaritat internacional davant la pand\u00e8mia. Aquest esdeveniment ofereix una de les oportunitats m\u00e9s clares per donar a con\u00e8ixer la situaci\u00f3 i impulsar avan\u00e7os en mat\u00e8ria de prevenci\u00f3, tractament i atenci\u00f3 als afectats.<\/p>\n<p>Segons dades\u00a0 de l&#8217;<a href=\"http:\/\/www.who.int\/topics\/hiv_aids\/es\/\" target=\"_blank\">Organitzaci\u00f3 Mundial de la Salut (OMS)<\/a> el VIH continua sent un important problema de salut p\u00fablica mundial, despr\u00e9s d&#8217;haver cobrat m\u00e9s de 36 milions de vides fins l&#8217;actualitat. L&#8217;any 2012 hi havia uns 35 milions de persones infectades pel VIH, sent l&#8221;\u00c0frica subsahariana, on un de cada 20 adults est\u00e0 infectat pel VIH, la regi\u00f3 m\u00e9s afectada.<\/p>\n<div id=\"gt-res-content\">\n<div dir=\"ltr\"><\/div>\n<\/div>\n","protected":false},"excerpt":{"rendered":"<p>L&#8217;Associaci\u00f3 Comunit\u00e0ria Anti-SIDA de l&#8217;Alt Empord\u00e0 (ACAS) dur\u00e0 a terme durant tot el dia d&#8217;avui una parada informativa, a la Pla\u00e7a de l&#8217;Ajuntament de Figueres, per tal de sensibilitzar entorn&hellip;<\/p>\n","protected":false},"author":2,"featured_media":1259,"comment_status":"closed","ping_status":"closed","sticky":false,"template":"","format":"standard","meta":{"footnotes":""},"categories":[33,101,104,103,108],"tags":[52,17,51],"class_list":["post-2792","post","type-post","status-publish","format-standard","has-post-thumbnail","hentry","category-agenda","category-ciutadania","category-entitats-socials","category-estudiants-escoles-instituts","category-mitjans-comunicacio","tag-entitats-de-la-taula","tag-taula","tag-voluntariat","category-33","category-101","category-104","category-103","category-108","description-off"],"_links":{"self":[{"href":"https:\/\/inclusioaltemporda.cat\/portal\/wp-json\/wp\/v2\/posts\/2792","targetHints":{"allow":["GET"]}}],"collection":[{"href":"https:\/\/inclusioaltemporda.cat\/portal\/wp-json\/wp\/v2\/posts"}],"about":[{"href":"https:\/\/inclusioaltemporda.cat\/portal\/wp-json\/wp\/v2\/types\/post"}],"author":[{"embeddable":true,"href":"https:\/\/inclusioaltemporda.cat\/portal\/wp-json\/wp\/v2\/users\/2"}],"replies":[{"embeddable":true,"href":"https:\/\/inclusioaltemporda.cat\/portal\/wp-json\/wp\/v2\/comments?post=2792"}],"version-history":[{"count":4,"href":"https:\/\/inclusioaltemporda.cat\/portal\/wp-json\/wp\/v2\/posts\/2792\/revisions"}],"predecessor-version":[{"id":2796,"href":"https:\/\/inclusioaltemporda.cat\/portal\/wp-json\/wp\/v2\/posts\/2792\/revisions\/2796"}],"wp:featuredmedia":[{"embeddable":true,"href":"https:\/\/inclusioaltemporda.cat\/portal\/wp-json\/wp\/v2\/media\/1259"}],"wp:attachment":[{"href":"https:\/\/inclusioaltemporda.cat\/portal\/wp-json\/wp\/v2\/media?parent=2792"}],"wp:term":[{"taxonomy":"category","embeddable":true,"href":"https:\/\/inclusioaltemporda.cat\/portal\/wp-json\/wp\/v2\/categories?post=2792"},{"taxonomy":"post_tag","embeddable":true,"href":"https:\/\/inclusioaltemporda.cat\/portal\/wp-json\/wp\/v2\/tags?post=2792"}],"curies":[{"name":"wp","href":"https:\/\/api.w.org\/{rel}","templated":true}]}}