{"id":2797,"date":"2013-12-02T08:41:06","date_gmt":"2013-12-02T07:41:06","guid":{"rendered":"https:\/\/inclusioaltemporda.cat\/portal\/?p=2797"},"modified":"2016-02-01T09:23:49","modified_gmt":"2016-02-01T08:23:49","slug":"el-projecte-de-mentoratge-mes-grans-repren-la-seva-activitat","status":"publish","type":"post","link":"https:\/\/inclusioaltemporda.cat\/portal\/el-projecte-de-mentoratge-mes-grans-repren-la-seva-activitat\/","title":{"rendered":"El projecte de mentoratge M\u00c9S GRANS repren la seva activitat"},"content":{"rendered":"<p align=\"JUSTIFY\">Un any despr\u00e9s de la posada en funcionament a l&#8217;Alt Empord\u00e0 de la <a href=\"https:\/\/inclusioaltemporda.cat\/portal\/el-projecte-mes-grans-de-suport-entre-generacions-i-families-ja-es-una-realitat-a-lalt-emporda\/\">prova pilot del projecte &#8220;M\u00e9s grans&#8221;<\/a>, aquesta setmana es signaran els nous nuclis de mentoratge, que durant els propers mesos seran actius a la comarca, donant continu\u00eftat a aquest projecte com a recurs estable de la cartera de serveis de l&#8217;\u00c0rea de Benestar del Consell Comarcal.<\/p>\n<p align=\"JUSTIFY\">El projecte \u201cM\u00e9s Grans\u201d,\u00a0que te el seu origen en les activitats de l\u2019<a title=\"Any Europeu de l'Envelliment Actiu\" href=\"http:\/\/www20.gencat.cat\/portal\/site\/bsf\/menuitem.c7a2fef9da184241e42a63a7b0c0e1a0\/?vgnextoid=3e31b9ce1a7f5310VgnVCM2000009b0c1e0aRCRD&amp;vgnextchannel=3e31b9ce1a7f5310VgnVCM2000009b0c1e0aRCRD\">Any Europeu de l\u2019Envelliment Actiu i de la solidaritat intergeneracional<\/a> impulsades per la Generalitat, t\u00e9 com a finalitat afavorir l\u2019intercanvi i la solidaritat entre generacions (hi participen persones de m\u00e9s de 55 anys, pares i\/o mares i infants), tot promovent experi\u00e8ncies de suport familiar a la comarca que generin un valor social afegit.<\/p>\n<p>Les persones s\u00e8niors que participen en el projecte (sols o en parella) fan de mentors amb fam\u00edlies de risc social lleu mancades de xarxa social. Els mentors s\u00f3n les persones que ofereixen volunt\u00e0riament el seu temps per donar suport i encoratjar altres persones que es troben en situaci\u00f3 de desavantatge, compartint experi\u00e8ncies i coneixements durant\u00a0 un temps.<\/p>\n<p>Est\u00e0 previst que tres dels processos de mentoratge iniciats el curs anterior reprenguin la seva activitat els propers dies, i que inici\u00efn el seu cam\u00ed dos nuclis de mentoratge nous. Tan les fam\u00edlies, com els s\u00e8niors participants en el projecte rebran el suport i seguiment de l&#8217;equip de professionals del Consell Comarcal responsable del &#8220;M\u00e9s grans&#8221; al llarg de tot el proc\u00e9s de treball.<\/p>\n","protected":false},"excerpt":{"rendered":"<p>Un any despr\u00e9s de la posada en funcionament a l&#8217;Alt Empord\u00e0 de la prova pilot del projecte &#8220;M\u00e9s grans&#8221;, aquesta setmana es signaran els nous nuclis de mentoratge, que durant&hellip;<\/p>\n","protected":false},"author":2,"featured_media":2799,"comment_status":"closed","ping_status":"closed","sticky":false,"template":"","format":"standard","meta":{"footnotes":""},"categories":[106,100,107,101,108,12,102],"tags":[34,27,24,51],"class_list":["post-2797","post","type-post","status-publish","format-standard","has-post-thumbnail","hentry","category-administracions","category-area-benestar","category-centres-recerca-universitats","category-ciutadania","category-mitjans-comunicacio","category-pla-dinclusio-2","category-professionals-ambit-social","tag-aula-professionals","tag-benestar-ccae","tag-inclusio-social","tag-voluntariat","category-106","category-100","category-107","category-101","category-108","category-12","category-102","description-off"],"_links":{"self":[{"href":"https:\/\/inclusioaltemporda.cat\/portal\/wp-json\/wp\/v2\/posts\/2797","targetHints":{"allow":["GET"]}}],"collection":[{"href":"https:\/\/inclusioaltemporda.cat\/portal\/wp-json\/wp\/v2\/posts"}],"about":[{"href":"https:\/\/inclusioaltemporda.cat\/portal\/wp-json\/wp\/v2\/types\/post"}],"author":[{"embeddable":true,"href":"https:\/\/inclusioaltemporda.cat\/portal\/wp-json\/wp\/v2\/users\/2"}],"replies":[{"embeddable":true,"href":"https:\/\/inclusioaltemporda.cat\/portal\/wp-json\/wp\/v2\/comments?post=2797"}],"version-history":[{"count":3,"href":"https:\/\/inclusioaltemporda.cat\/portal\/wp-json\/wp\/v2\/posts\/2797\/revisions"}],"predecessor-version":[{"id":4687,"href":"https:\/\/inclusioaltemporda.cat\/portal\/wp-json\/wp\/v2\/posts\/2797\/revisions\/4687"}],"wp:featuredmedia":[{"embeddable":true,"href":"https:\/\/inclusioaltemporda.cat\/portal\/wp-json\/wp\/v2\/media\/2799"}],"wp:attachment":[{"href":"https:\/\/inclusioaltemporda.cat\/portal\/wp-json\/wp\/v2\/media?parent=2797"}],"wp:term":[{"taxonomy":"category","embeddable":true,"href":"https:\/\/inclusioaltemporda.cat\/portal\/wp-json\/wp\/v2\/categories?post=2797"},{"taxonomy":"post_tag","embeddable":true,"href":"https:\/\/inclusioaltemporda.cat\/portal\/wp-json\/wp\/v2\/tags?post=2797"}],"curies":[{"name":"wp","href":"https:\/\/api.w.org\/{rel}","templated":true}]}}