{"id":2802,"date":"2013-12-03T09:32:25","date_gmt":"2013-12-03T08:32:25","guid":{"rendered":"https:\/\/inclusioaltemporda.cat\/portal\/?p=2802"},"modified":"2016-02-01T09:23:49","modified_gmt":"2016-02-01T08:23:49","slug":"el-projecte-la-cuina-cooperativisme-a-foc-lent-guanya-la-primera-edicio-dels-premis-dinclusio-social-a-lalt-emporda","status":"publish","type":"post","link":"https:\/\/inclusioaltemporda.cat\/portal\/el-projecte-la-cuina-cooperativisme-a-foc-lent-guanya-la-primera-edicio-dels-premis-dinclusio-social-a-lalt-emporda\/","title":{"rendered":"El projecte &#8220;La Cuina, cooperativisme a foc lent&#8221; guanya la primera edici\u00f3 dels Premis d&#8217;Inclusi\u00f3 Social a l&#8217;Alt Empord\u00e0"},"content":{"rendered":"<p align=\"JUSTIFY\">El projecte &#8220;La Cuina, cooperativisme a foc lent&#8221; presentat per Mireia Veh\u00ed, junt amb Carla Alsina i Christel Keller, ha guanyat la primera edici\u00f3 dels Premi Inclusi\u00f3 Social Alt Empord\u00e0 atorgat pel Consell Comarcal.<\/p>\n<p align=\"JUSTIFY\">Aquest projecte d&#8217;emprenedoria social vol donar resposta a la situaci\u00f3 de crisi mitjan\u00e7at una proposta innovadora que integra les perspectives intercultural i de g\u00e8nere. T\u00e9 com a objectiu promoure l&#8217;acci\u00f3 comunit\u00e0ria i l&#8217;economia social i cooperativa per fer front a la precarietat de les economies dom\u00e8stiques, l&#8217;atur de llarga durada i els efectes de la crisi en determinats sectors vulnerables de la societat.<\/p>\n<p align=\"JUSTIFY\">El projecte proposa generar un espai de trobada, &#8220;La Cuina&#8221;, en el qual les persones participants podran compartir i col\u00b7lectivitzar les tasques dom\u00e8stiques (cura de persones, alimentaci\u00f3 i cura de la llar) i posar\u00e0 en marxa una oficina de formaci\u00f3 i assessorament per fomentar iniciatives emprenedores i d&#8217;autocupaci\u00f3 entre les persones que participin en aquest espai. El projecte es dur\u00e0 a terme al llarg de l&#8217;any 2014 a l&#8217;\u00e0rea b\u00e0sica de serveis socials de Sant Pere Pescador.<\/p>\n<p align=\"JUSTIFY\">D&#8217;altra banda, el Jurat dels Premis d&#8217;Inclusi\u00f3 Social tamb\u00e9 ha decidit atorgar un Acc\u00e8ssit al projecte &#8220;El Tamariu-Projecte laboral Reciclatge de Paper&#8221; presentat per Llu\u00eds Art\u00e9, president de l&#8217;Associaci\u00f3 Tamariu.<\/p>\n<p align=\"JUSTIFY\">Aquest projecte t\u00e9 com a finalitat promoure l&#8217;activitat ocupacional per a un grup de nois i noies amb discapacitat intel\u00b7lectual de la comarca de l&#8217;Alt Empord\u00e0. El projecte vol fomentar la integraci\u00f3 socio laboral d&#8217;aquests joves que ja han acabat el seu cicle formatiu i han d&#8217;inserir-se al mercat de treball.\u00a0 La proposta se centra en generar llocs de treball a partir d&#8217;una activitat productiva centrada en el reciclatge de paper de diari destinat a facilitar bales de paper triturat i premsat per a nius de garrins a diverses granges de la comarca. Aquest projecte es dur\u00e0 a terme al llarg de l&#8217;any 2014 al municipi de Castell\u00f3 d&#8217;Emp\u00faries i beneficiar\u00e0 a joves de tota la comarca.<\/p>\n<p align=\"JUSTIFY\">El Jurat del I Premis d&#8217;Inclusi\u00f3 Social a l&#8217;Alt Empord\u00e0 ha tingut especialment en compte en tots dos casos, entre d&#8217;altres criteris de valoraci\u00f3, l&#8217;esfor\u00e7 per promoure una activitat en el territori innovadora, la qualitat i viabilitat de la proposta t\u00e8cnica i\u00a0 l&#8217;experi\u00e8ncia dels equips professionals. En aquesta primera convocat\u00f2ria s&#8217;ha presentat una gran diversitat de projectes (11 en total) orientats a promoure la inclusi\u00f3 social de persones i col\u00b7lectius vulnerables de la comarca.<\/p>\n<p align=\"JUSTIFY\">La iniciativa del lliurament dels Premis d&#8217;Inclusi\u00f3 Social neix del Pla per a la Inclusi\u00f3 i la Cohesi\u00f3 Social de l&#8217;Alt Empord\u00e0 2013-2016 i t\u00e9 com a finalitat fer emergir i finan\u00e7ar iniciatives innovadores dirigides a promoure processos d&#8217;inclusi\u00f3 social per millorar les condicions de vida de la poblaci\u00f3 de la comarca i refor\u00e7ar la cohesi\u00f3 social.<\/p>\n<p align=\"JUSTIFY\">El lliurament dels Premis d&#8217;Inclusi\u00f3 Social es dur\u00e0 a terme el proper mes de gener a la seu del Consell Comarcal en una jornada en qu\u00e8 s&#8217;exposaran tots els projectes presentats en aquesta convocat\u00f2ria.<\/p>\n","protected":false},"excerpt":{"rendered":"<p>El projecte &#8220;La Cuina, cooperativisme a foc lent&#8221; presentat per Mireia Veh\u00ed, junt amb Carla Alsina i Christel Keller, ha guanyat la primera edici\u00f3 dels Premi Inclusi\u00f3 Social Alt Empord\u00e0&hellip;<\/p>\n","protected":false},"author":3,"featured_media":2806,"comment_status":"closed","ping_status":"closed","sticky":false,"template":"","format":"standard","meta":{"footnotes":""},"categories":[106,100,107,101,105,104,108,12,102,11],"tags":[24,16,77],"class_list":["post-2802","post","type-post","status-publish","format-standard","has-post-thumbnail","hentry","category-administracions","category-area-benestar","category-centres-recerca-universitats","category-ciutadania","category-empreses","category-entitats-socials","category-mitjans-comunicacio","category-pla-dinclusio-2","category-professionals-ambit-social","category-taula-inclusio","tag-inclusio-social","tag-pla-inclusio","tag-premis-inclusio-2013","category-106","category-100","category-107","category-101","category-105","category-104","category-108","category-12","category-102","category-11","description-off"],"_links":{"self":[{"href":"https:\/\/inclusioaltemporda.cat\/portal\/wp-json\/wp\/v2\/posts\/2802","targetHints":{"allow":["GET"]}}],"collection":[{"href":"https:\/\/inclusioaltemporda.cat\/portal\/wp-json\/wp\/v2\/posts"}],"about":[{"href":"https:\/\/inclusioaltemporda.cat\/portal\/wp-json\/wp\/v2\/types\/post"}],"author":[{"embeddable":true,"href":"https:\/\/inclusioaltemporda.cat\/portal\/wp-json\/wp\/v2\/users\/3"}],"replies":[{"embeddable":true,"href":"https:\/\/inclusioaltemporda.cat\/portal\/wp-json\/wp\/v2\/comments?post=2802"}],"version-history":[{"count":3,"href":"https:\/\/inclusioaltemporda.cat\/portal\/wp-json\/wp\/v2\/posts\/2802\/revisions"}],"predecessor-version":[{"id":2808,"href":"https:\/\/inclusioaltemporda.cat\/portal\/wp-json\/wp\/v2\/posts\/2802\/revisions\/2808"}],"wp:featuredmedia":[{"embeddable":true,"href":"https:\/\/inclusioaltemporda.cat\/portal\/wp-json\/wp\/v2\/media\/2806"}],"wp:attachment":[{"href":"https:\/\/inclusioaltemporda.cat\/portal\/wp-json\/wp\/v2\/media?parent=2802"}],"wp:term":[{"taxonomy":"category","embeddable":true,"href":"https:\/\/inclusioaltemporda.cat\/portal\/wp-json\/wp\/v2\/categories?post=2802"},{"taxonomy":"post_tag","embeddable":true,"href":"https:\/\/inclusioaltemporda.cat\/portal\/wp-json\/wp\/v2\/tags?post=2802"}],"curies":[{"name":"wp","href":"https:\/\/api.w.org\/{rel}","templated":true}]}}