{"id":2809,"date":"2013-12-04T08:49:12","date_gmt":"2013-12-04T07:49:12","guid":{"rendered":"https:\/\/inclusioaltemporda.cat\/portal\/?p=2809"},"modified":"2016-02-01T09:23:49","modified_gmt":"2016-02-01T08:23:49","slug":"dia-internacional-del-voluntariat","status":"publish","type":"post","link":"https:\/\/inclusioaltemporda.cat\/portal\/dia-internacional-del-voluntariat\/","title":{"rendered":"Dia Internacional del Voluntariat"},"content":{"rendered":"<p>Dem\u00e0 5 de desembre es celebra el <a title=\"Dia Internacional del Voluntariat\" href=\"http:\/\/www.un.org\/en\/events\/volunteerday\/\">Dia Internacional del Voluntaria<\/a>t, jornada de reconeixement a totes aquelles persones que porten a terme tasques de solidaritat volunt\u00e0ries que destinen part del seu temps a d&#8217;altres persones.<\/p>\n<p>El Dia Internacional del Voluntariat va ser reconegut l&#8217;any 1985 per l&#8217;Assemblea General de les Nacions Unides i enguany aquesta celebraci\u00f3 mundial, m\u00e9s enll\u00e0 de recon\u00e8ixer el voluntariat en tots els \u00e0mbits, vol mostrar l&#8217;acci\u00f3 dels joves voluntaris com a agents de canvi social en les seves comunitats.<\/p>\n<p>El voluntariat social \u00e9s un motor de transformaci\u00f3 social que contribueix a millorar la situaci\u00f3 de moltes persones i col\u00b7lectius vulnerables i en risc d\u2019exclusi\u00f3 social. A la comarca de l&#8217;Alt Empord\u00e0 una vintena d&#8217;entitats de diferents \u00e0mbits de la comarca formen part de la Taula per a la Inclusi\u00f3 i la Cohesi\u00f3 Social. El segon Informe Social 2012 elaborat per l&#8217;equip t\u00e8cnic d&#8217;inclusi\u00f3 mostra com en aquestes entitats socials prop de 350 persones col\u00b7laboren volunt\u00e0riament en les diferents accions que duen a terme.<\/p>\n<p>D&#8217;altra banda, en el marc de la implementaci\u00f3 del Pla per a la Inclusi\u00f3 i la Cohesi\u00f3 Social de l&#8217;Alt Empord\u00e0 2013-2016, ja s&#8217;ha posat en marxa\u00a0 el treball per implementar dues accions del Pla directament vinculades amb el foment del voluntariat a la comarca:<\/p>\n<ul>\n<li>Acci\u00f3 18.3.2. Crear una plataforma virtual d\u2019entitats socials de la comarca per tal de millorar el coneixement, la difusi\u00f3 de les accions inclusives que es duen a terme a la comarca i promoure el voluntariat.<\/li>\n<li>Acci\u00f3 18.4.1. Organitzar una jornada de voluntariat a la comarca l&#8217;any 2014.<\/li>\n<\/ul>\n<p>&nbsp;<\/p>\n","protected":false},"excerpt":{"rendered":"<p>Dem\u00e0 5 de desembre es celebra el Dia Internacional del Voluntariat, jornada de reconeixement a totes aquelles persones que porten a terme tasques de solidaritat volunt\u00e0ries que destinen part del&hellip;<\/p>\n","protected":false},"author":3,"featured_media":2810,"comment_status":"closed","ping_status":"closed","sticky":false,"template":"","format":"standard","meta":{"footnotes":""},"categories":[106,33,101,104,108,11],"tags":[52,24,17],"class_list":["post-2809","post","type-post","status-publish","format-standard","has-post-thumbnail","hentry","category-administracions","category-agenda","category-ciutadania","category-entitats-socials","category-mitjans-comunicacio","category-taula-inclusio","tag-entitats-de-la-taula","tag-inclusio-social","tag-taula","category-106","category-33","category-101","category-104","category-108","category-11","description-off"],"_links":{"self":[{"href":"https:\/\/inclusioaltemporda.cat\/portal\/wp-json\/wp\/v2\/posts\/2809","targetHints":{"allow":["GET"]}}],"collection":[{"href":"https:\/\/inclusioaltemporda.cat\/portal\/wp-json\/wp\/v2\/posts"}],"about":[{"href":"https:\/\/inclusioaltemporda.cat\/portal\/wp-json\/wp\/v2\/types\/post"}],"author":[{"embeddable":true,"href":"https:\/\/inclusioaltemporda.cat\/portal\/wp-json\/wp\/v2\/users\/3"}],"replies":[{"embeddable":true,"href":"https:\/\/inclusioaltemporda.cat\/portal\/wp-json\/wp\/v2\/comments?post=2809"}],"version-history":[{"count":3,"href":"https:\/\/inclusioaltemporda.cat\/portal\/wp-json\/wp\/v2\/posts\/2809\/revisions"}],"predecessor-version":[{"id":2813,"href":"https:\/\/inclusioaltemporda.cat\/portal\/wp-json\/wp\/v2\/posts\/2809\/revisions\/2813"}],"wp:featuredmedia":[{"embeddable":true,"href":"https:\/\/inclusioaltemporda.cat\/portal\/wp-json\/wp\/v2\/media\/2810"}],"wp:attachment":[{"href":"https:\/\/inclusioaltemporda.cat\/portal\/wp-json\/wp\/v2\/media?parent=2809"}],"wp:term":[{"taxonomy":"category","embeddable":true,"href":"https:\/\/inclusioaltemporda.cat\/portal\/wp-json\/wp\/v2\/categories?post=2809"},{"taxonomy":"post_tag","embeddable":true,"href":"https:\/\/inclusioaltemporda.cat\/portal\/wp-json\/wp\/v2\/tags?post=2809"}],"curies":[{"name":"wp","href":"https:\/\/api.w.org\/{rel}","templated":true}]}}