{"id":2814,"date":"2013-12-05T11:00:45","date_gmt":"2013-12-05T10:00:45","guid":{"rendered":"https:\/\/inclusioaltemporda.cat\/portal\/?p=2814"},"modified":"2016-02-01T09:23:48","modified_gmt":"2016-02-01T08:23:48","slug":"el-segon-grup-de-families-que-han-participat-en-lespai-de-formacio-per-a-families-acaba-les-sessions-de-treball","status":"publish","type":"post","link":"https:\/\/inclusioaltemporda.cat\/portal\/el-segon-grup-de-families-que-han-participat-en-lespai-de-formacio-per-a-families-acaba-les-sessions-de-treball\/","title":{"rendered":"El segon grup de fam\u00edlies participants en l&#8217;Espai de Formaci\u00f3 per a Fam\u00edlies finalitza les sessions de treball"},"content":{"rendered":"<p>El segon grup de fam\u00edlies que ha estat acollit a l&#8217;Espai de Formaci\u00f3 per a Fam\u00edlies de l&#8217;\u00c0rea de Benestar del Consell Comarcal va finalitzar ahir les sessions de treball.<\/p>\n<p>L&#8217;Espai de Formaci\u00f3 per a Fam\u00edlies \u00e9s un espai de treball grupal innovador adre\u00e7at a pares, mares i persones acollidores que ofereix suport, informaci\u00f3 i reflexi\u00f3 sobre l&#8217;exercici del rol parental.<\/p>\n<p>Un total de 10 fam\u00edlies han participat en aquesta segona edici\u00f3 de l&#8217;Espai que es va posar en marxa el 18 de setembre passat.<\/p>\n<p>La novetat d&#8217;aquesta edici\u00f3 ha estat la incorporaci\u00f3 de 5 sessions de treball conjuntes entre pares i fills (infants i adolescents). La metodologia de treball ha estat flexible per tal d&#8217;atendre les necessitats espec\u00edfiques del grup en el qual s&#8217;han treballat, entre d&#8217;altres, les tem\u00e0tiques seg\u00fcents: 1) La cohesi\u00f3 del grup; 2) El trencar etiquetes i estereotips; 3) Les normes, l\u00edmits i la resoluci\u00f3 de conflictes; 4) Les emocions.<\/p>\n<p>La valoraci\u00f3 tant dels participants com dels professionals ha estat molt positiva. L&#8217;objectiu \u00e9s posar en marxa un nou grup de fam\u00edlies el primer trimestre de l&#8217;any 2014.<\/p>\n<p>Si teniu inter\u00e8s a con\u00e8ixer amb m\u00e9s detall aquest recurs podeu accedir a la <a title=\"informaci\u00f3 publicada en aquest enlla\u00e7\" href=\"https:\/\/inclusioaltemporda.cat\/portal\/tag\/espai-de-formacio-per-a-families\/\">informaci\u00f3 publicada en aquest enlla\u00e7<\/a>.<\/p>\n","protected":false},"excerpt":{"rendered":"<p>El segon grup de fam\u00edlies que ha estat acollit a l&#8217;Espai de Formaci\u00f3 per a Fam\u00edlies de l&#8217;\u00c0rea de Benestar del Consell Comarcal va finalitzar ahir les sessions de treball.&hellip;<\/p>\n","protected":false},"author":3,"featured_media":2815,"comment_status":"closed","ping_status":"closed","sticky":false,"template":"","format":"standard","meta":{"footnotes":""},"categories":[106,100,101,108,102],"tags":[58,24],"class_list":["post-2814","post","type-post","status-publish","format-standard","has-post-thumbnail","hentry","category-administracions","category-area-benestar","category-ciutadania","category-mitjans-comunicacio","category-professionals-ambit-social","tag-espai-de-formacio-per-a-families","tag-inclusio-social","category-106","category-100","category-101","category-108","category-102","description-off"],"_links":{"self":[{"href":"https:\/\/inclusioaltemporda.cat\/portal\/wp-json\/wp\/v2\/posts\/2814","targetHints":{"allow":["GET"]}}],"collection":[{"href":"https:\/\/inclusioaltemporda.cat\/portal\/wp-json\/wp\/v2\/posts"}],"about":[{"href":"https:\/\/inclusioaltemporda.cat\/portal\/wp-json\/wp\/v2\/types\/post"}],"author":[{"embeddable":true,"href":"https:\/\/inclusioaltemporda.cat\/portal\/wp-json\/wp\/v2\/users\/3"}],"replies":[{"embeddable":true,"href":"https:\/\/inclusioaltemporda.cat\/portal\/wp-json\/wp\/v2\/comments?post=2814"}],"version-history":[{"count":5,"href":"https:\/\/inclusioaltemporda.cat\/portal\/wp-json\/wp\/v2\/posts\/2814\/revisions"}],"predecessor-version":[{"id":2818,"href":"https:\/\/inclusioaltemporda.cat\/portal\/wp-json\/wp\/v2\/posts\/2814\/revisions\/2818"}],"wp:featuredmedia":[{"embeddable":true,"href":"https:\/\/inclusioaltemporda.cat\/portal\/wp-json\/wp\/v2\/media\/2815"}],"wp:attachment":[{"href":"https:\/\/inclusioaltemporda.cat\/portal\/wp-json\/wp\/v2\/media?parent=2814"}],"wp:term":[{"taxonomy":"category","embeddable":true,"href":"https:\/\/inclusioaltemporda.cat\/portal\/wp-json\/wp\/v2\/categories?post=2814"},{"taxonomy":"post_tag","embeddable":true,"href":"https:\/\/inclusioaltemporda.cat\/portal\/wp-json\/wp\/v2\/tags?post=2814"}],"curies":[{"name":"wp","href":"https:\/\/api.w.org\/{rel}","templated":true}]}}