{"id":2822,"date":"2013-12-09T09:27:02","date_gmt":"2013-12-09T08:27:02","guid":{"rendered":"https:\/\/inclusioaltemporda.cat\/portal\/?p=2822"},"modified":"2016-02-01T09:23:48","modified_gmt":"2016-02-01T08:23:48","slug":"les-persones-grans-i-el-segle-xxi","status":"publish","type":"post","link":"https:\/\/inclusioaltemporda.cat\/portal\/les-persones-grans-i-el-segle-xxi\/","title":{"rendered":"Les persones grans i el segle XXI"},"content":{"rendered":"<p><a href=\"http:\/\/marticarreras.blogspot.com.es\/\" target=\"_blank\">Mart\u00ed Carreras<\/a>, fins el mes de mar\u00e7 passat representant de l&#8217;Alt Empord\u00e0 al <a href=\"http:\/\/www20.gencat.cat\/portal\/site\/bsf\/menuitem.7fca6ecb84d307b43f6c8910b0c0e1a0\/?vgnextoid=0e818f88661a4210VgnVCM1000008d0c1e0aRCRD&amp;;vgnextchannel=0e818f88661a4210VgnVCM1000008d0c1e0aRCRD&amp;;vgnextfmt=default\" target=\"_blank\">Consell de la Gent Gran de Catalunya<\/a>, ha publicat recentment amb el suport del <a href=\"http:\/\/www.altemporda.org\/\">Consell Comarcal<\/a> un recull dels articles escrits peri\u00f2dicament al <a href=\"http:\/\/www.emporda.info\/\" target=\"_blank\">Setmanari de l&#8217;Alt Empord\u00e0<\/a> entre els anys 2004 i 2013.<\/p>\n<p>Durant gaireb\u00e9 10 anys i sota el t\u00edtol &#8220;La persones grans i el segle XXI&#8221; l&#8217;autor ha publicat 65 articles sobre temes relacionats, directa o indirectament, amb les persones grans.<\/p>\n<p>El llibre tamb\u00e9 reprodueix tretze parlaments seleccionats entre els m\u00e9s de cinquanta que ha fet durant els deu anys que ha format part de diferents organitzacions de suport a la gent gran.<\/p>\n<p>Mart\u00ed Carreras i Ginjaume, ha estat tamb\u00e9 vicepresident segon del <a href=\"https:\/\/inclusioaltemporda.cat\/portal\/el-consell-consutliu-de-la-gent-gran-celebra-els-10-anys-dexistencia\/\">Consell Consultiu de la Gent Gran de l&#8217;Alt Empord\u00e0<\/a> entre 2005 i 2013, ha format part\u00a0 del Consell Municipal de la Gent Gran de Figueres, i actualment \u00e9s el president de l&#8217;Associaci\u00f3 per a la Formaci\u00f3 Cultural de la Gent Gran de l&#8217;Alt Empord\u00e0.<\/p>\n","protected":false},"excerpt":{"rendered":"<p>Mart\u00ed Carreras, fins el mes de mar\u00e7 passat representant de l&#8217;Alt Empord\u00e0 al Consell de la Gent Gran de Catalunya, ha publicat recentment amb el suport del Consell Comarcal un&hellip;<\/p>\n","protected":false},"author":2,"featured_media":1495,"comment_status":"closed","ping_status":"closed","sticky":false,"template":"","format":"standard","meta":{"footnotes":""},"categories":[106,100,101,104,103,108],"tags":[27,47,37,38,24,51],"class_list":["post-2822","post","type-post","status-publish","format-standard","has-post-thumbnail","hentry","category-administracions","category-area-benestar","category-ciutadania","category-entitats-socials","category-estudiants-escoles-instituts","category-mitjans-comunicacio","tag-benestar-ccae","tag-consell-consultiu","tag-envelliment-actiu","tag-gent-gran","tag-inclusio-social","tag-voluntariat","category-106","category-100","category-101","category-104","category-103","category-108","description-off"],"_links":{"self":[{"href":"https:\/\/inclusioaltemporda.cat\/portal\/wp-json\/wp\/v2\/posts\/2822","targetHints":{"allow":["GET"]}}],"collection":[{"href":"https:\/\/inclusioaltemporda.cat\/portal\/wp-json\/wp\/v2\/posts"}],"about":[{"href":"https:\/\/inclusioaltemporda.cat\/portal\/wp-json\/wp\/v2\/types\/post"}],"author":[{"embeddable":true,"href":"https:\/\/inclusioaltemporda.cat\/portal\/wp-json\/wp\/v2\/users\/2"}],"replies":[{"embeddable":true,"href":"https:\/\/inclusioaltemporda.cat\/portal\/wp-json\/wp\/v2\/comments?post=2822"}],"version-history":[{"count":6,"href":"https:\/\/inclusioaltemporda.cat\/portal\/wp-json\/wp\/v2\/posts\/2822\/revisions"}],"predecessor-version":[{"id":2828,"href":"https:\/\/inclusioaltemporda.cat\/portal\/wp-json\/wp\/v2\/posts\/2822\/revisions\/2828"}],"wp:featuredmedia":[{"embeddable":true,"href":"https:\/\/inclusioaltemporda.cat\/portal\/wp-json\/wp\/v2\/media\/1495"}],"wp:attachment":[{"href":"https:\/\/inclusioaltemporda.cat\/portal\/wp-json\/wp\/v2\/media?parent=2822"}],"wp:term":[{"taxonomy":"category","embeddable":true,"href":"https:\/\/inclusioaltemporda.cat\/portal\/wp-json\/wp\/v2\/categories?post=2822"},{"taxonomy":"post_tag","embeddable":true,"href":"https:\/\/inclusioaltemporda.cat\/portal\/wp-json\/wp\/v2\/tags?post=2822"}],"curies":[{"name":"wp","href":"https:\/\/api.w.org\/{rel}","templated":true}]}}