{"id":2829,"date":"2013-12-10T09:01:09","date_gmt":"2013-12-10T08:01:09","guid":{"rendered":"https:\/\/inclusioaltemporda.cat\/portal\/?p=2829"},"modified":"2016-02-01T09:23:48","modified_gmt":"2016-02-01T08:23:48","slug":"conferencia-del-projecte-cultures-en-xarxa-a-roses","status":"publish","type":"post","link":"https:\/\/inclusioaltemporda.cat\/portal\/conferencia-del-projecte-cultures-en-xarxa-a-roses\/","title":{"rendered":"Confer\u00e8ncia del projecte &#8220;Cultures en xarxa&#8221; a Roses"},"content":{"rendered":"<p>L&#8217;Associaci\u00f3 Cultural Xarxa de Conviv\u00e8ncia de Roses organitza una confer\u00e8ncia sobre el projecte &#8220;Cultures en Xarxa&#8221; per explicar a la ciutadania els resultats d&#8217;aquesta iniciativa.<\/p>\n<p>El projecte &#8220;Cultures en Xarxa&#8221; que promou aquesta entitat rosinca t\u00e9 com a finalitat generar un intercanvi cultural i de conviv\u00e8ncia al Marroc amb joves de Roses. Els 10 joves que han participat en la tercera edici\u00f3 d&#8217;aquest projecte explicaran la seva experi\u00e8ncia.<\/p>\n<p>L&#8217;acte tindr\u00e0 lloc el proper dissabte 14 de desembre al vest\u00edbul del Teatre Municipal de Roses a les 21:00 h.<\/p>\n<p>&nbsp;<\/p>\n","protected":false},"excerpt":{"rendered":"<p>L&#8217;Associaci\u00f3 Cultural Xarxa de Conviv\u00e8ncia de Roses organitza una confer\u00e8ncia sobre el projecte &#8220;Cultures en Xarxa&#8221; per explicar a la ciutadania els resultats d&#8217;aquesta iniciativa. El projecte &#8220;Cultures en Xarxa&#8221;&hellip;<\/p>\n","protected":false},"author":3,"featured_media":2830,"comment_status":"closed","ping_status":"closed","sticky":false,"template":"","format":"standard","meta":{"footnotes":""},"categories":[106,33,101,103,108],"tags":[119,24,17],"class_list":["post-2829","post","type-post","status-publish","format-standard","has-post-thumbnail","hentry","category-administracions","category-agenda","category-ciutadania","category-estudiants-escoles-instituts","category-mitjans-comunicacio","tag-agenda-ca","tag-inclusio-social","tag-taula","category-106","category-33","category-101","category-103","category-108","description-off"],"_links":{"self":[{"href":"https:\/\/inclusioaltemporda.cat\/portal\/wp-json\/wp\/v2\/posts\/2829","targetHints":{"allow":["GET"]}}],"collection":[{"href":"https:\/\/inclusioaltemporda.cat\/portal\/wp-json\/wp\/v2\/posts"}],"about":[{"href":"https:\/\/inclusioaltemporda.cat\/portal\/wp-json\/wp\/v2\/types\/post"}],"author":[{"embeddable":true,"href":"https:\/\/inclusioaltemporda.cat\/portal\/wp-json\/wp\/v2\/users\/3"}],"replies":[{"embeddable":true,"href":"https:\/\/inclusioaltemporda.cat\/portal\/wp-json\/wp\/v2\/comments?post=2829"}],"version-history":[{"count":2,"href":"https:\/\/inclusioaltemporda.cat\/portal\/wp-json\/wp\/v2\/posts\/2829\/revisions"}],"predecessor-version":[{"id":2832,"href":"https:\/\/inclusioaltemporda.cat\/portal\/wp-json\/wp\/v2\/posts\/2829\/revisions\/2832"}],"wp:featuredmedia":[{"embeddable":true,"href":"https:\/\/inclusioaltemporda.cat\/portal\/wp-json\/wp\/v2\/media\/2830"}],"wp:attachment":[{"href":"https:\/\/inclusioaltemporda.cat\/portal\/wp-json\/wp\/v2\/media?parent=2829"}],"wp:term":[{"taxonomy":"category","embeddable":true,"href":"https:\/\/inclusioaltemporda.cat\/portal\/wp-json\/wp\/v2\/categories?post=2829"},{"taxonomy":"post_tag","embeddable":true,"href":"https:\/\/inclusioaltemporda.cat\/portal\/wp-json\/wp\/v2\/tags?post=2829"}],"curies":[{"name":"wp","href":"https:\/\/api.w.org\/{rel}","templated":true}]}}