{"id":2834,"date":"2013-12-11T08:57:44","date_gmt":"2013-12-11T07:57:44","guid":{"rendered":"https:\/\/inclusioaltemporda.cat\/portal\/?p=2834"},"modified":"2016-02-01T09:23:48","modified_gmt":"2016-02-01T08:23:48","slug":"coneix-totes-les-activitats-populars-de-suport-a-la-marato-de-tv3-a-lalt-emporda","status":"publish","type":"post","link":"https:\/\/inclusioaltemporda.cat\/portal\/coneix-totes-les-activitats-populars-de-suport-a-la-marato-de-tv3-a-lalt-emporda\/","title":{"rendered":"Coneix totes les activitats populars de suport a la Marat\u00f3 de TV3 a l&#8217;Alt Empord\u00e0"},"content":{"rendered":"<p>El proper\u00a0 diumenge, 15 de desembre, tindr\u00e0 lloc una nova edici\u00f3 de la<a title=\"Marat\u00f3 de TV3\" href=\"http:\/\/www.tv3.cat\/marato\/\"> Marat\u00f3 de TV3 <\/a>que estar\u00e0 dedicada a les malalties neurodegeneratives.<\/p>\n<p>La Marat\u00f3 de TV3 \u00e9s un projecte solidari impulsat per Televisi\u00f3 de Catalunya i la Fundaci\u00f3 La Marat\u00f3 de TV3 que t\u00e9 com a finalitat obtenir recursos econ\u00f2mics per a la investigaci\u00f3 cient\u00edfica de malalties que, ara per ara, no tenen curaci\u00f3 definitiva.<\/p>\n<p>Aquesta iniciativa va m\u00e9s enll\u00e0 de l&#8217;obtenci\u00f3 de fons i contribueix a sensibilitzar la poblaci\u00f3 catalana sobre les malaties per a les quals cal potencial la recerca cient\u00edfica per garantir una millor prevenci\u00f3 i curaci\u00f3.<\/p>\n<p>Diverses entitats i municipis de la comarca de l&#8217;Alt Empord\u00e0 han organitzat actes de suport a aquesta iniciativa. Podeu <a title=\"consultar totes les activitats programades en aquest enlla\u00e7\" href=\"http:\/\/www.tv3.cat\/marato\/activitats\/altemporda\/\">consultar totes les activitats programades en aquest enlla\u00e7<\/a>.<\/p>\n","protected":false},"excerpt":{"rendered":"<p>El proper\u00a0 diumenge, 15 de desembre, tindr\u00e0 lloc una nova edici\u00f3 de la Marat\u00f3 de TV3 que estar\u00e0 dedicada a les malalties neurodegeneratives. La Marat\u00f3 de TV3 \u00e9s un projecte&hellip;<\/p>\n","protected":false},"author":3,"featured_media":2837,"comment_status":"closed","ping_status":"closed","sticky":false,"template":"","format":"standard","meta":{"footnotes":""},"categories":[106,33,107,101,105,104,103,108],"tags":[24],"class_list":["post-2834","post","type-post","status-publish","format-standard","has-post-thumbnail","hentry","category-administracions","category-agenda","category-centres-recerca-universitats","category-ciutadania","category-empreses","category-entitats-socials","category-estudiants-escoles-instituts","category-mitjans-comunicacio","tag-inclusio-social","category-106","category-33","category-107","category-101","category-105","category-104","category-103","category-108","description-off"],"_links":{"self":[{"href":"https:\/\/inclusioaltemporda.cat\/portal\/wp-json\/wp\/v2\/posts\/2834","targetHints":{"allow":["GET"]}}],"collection":[{"href":"https:\/\/inclusioaltemporda.cat\/portal\/wp-json\/wp\/v2\/posts"}],"about":[{"href":"https:\/\/inclusioaltemporda.cat\/portal\/wp-json\/wp\/v2\/types\/post"}],"author":[{"embeddable":true,"href":"https:\/\/inclusioaltemporda.cat\/portal\/wp-json\/wp\/v2\/users\/3"}],"replies":[{"embeddable":true,"href":"https:\/\/inclusioaltemporda.cat\/portal\/wp-json\/wp\/v2\/comments?post=2834"}],"version-history":[{"count":2,"href":"https:\/\/inclusioaltemporda.cat\/portal\/wp-json\/wp\/v2\/posts\/2834\/revisions"}],"predecessor-version":[{"id":2838,"href":"https:\/\/inclusioaltemporda.cat\/portal\/wp-json\/wp\/v2\/posts\/2834\/revisions\/2838"}],"wp:featuredmedia":[{"embeddable":true,"href":"https:\/\/inclusioaltemporda.cat\/portal\/wp-json\/wp\/v2\/media\/2837"}],"wp:attachment":[{"href":"https:\/\/inclusioaltemporda.cat\/portal\/wp-json\/wp\/v2\/media?parent=2834"}],"wp:term":[{"taxonomy":"category","embeddable":true,"href":"https:\/\/inclusioaltemporda.cat\/portal\/wp-json\/wp\/v2\/categories?post=2834"},{"taxonomy":"post_tag","embeddable":true,"href":"https:\/\/inclusioaltemporda.cat\/portal\/wp-json\/wp\/v2\/tags?post=2834"}],"curies":[{"name":"wp","href":"https:\/\/api.w.org\/{rel}","templated":true}]}}