{"id":2851,"date":"2013-12-13T13:06:19","date_gmt":"2013-12-13T12:06:19","guid":{"rendered":"https:\/\/inclusioaltemporda.cat\/portal\/?p=2851"},"modified":"2016-02-01T09:23:48","modified_gmt":"2016-02-01T08:23:48","slug":"la-taula-dinclusio-impulsa-3-accions-del-pla-per-a-la-inclusio","status":"publish","type":"post","link":"https:\/\/inclusioaltemporda.cat\/portal\/la-taula-dinclusio-impulsa-3-accions-del-pla-per-a-la-inclusio\/","title":{"rendered":"La Taula d&#8217;Inclusi\u00f3 impulsa 3 accions del Pla per a la Inclusi\u00f3"},"content":{"rendered":"<div class=\"entry_content\">\n<p>La Taula per a la Inclusi\u00f3 i la Cohesi\u00f3 social de l&#8217;Alt Empord\u00e0 ha celebrat aquesta setmana la darrera reuni\u00f3 plen\u00e0ria de l&#8217;any, que ha servit per avan\u00e7ar en la concreci\u00f3 de les accions a curt termini previstes en el <a href=\"https:\/\/inclusioaltemporda.cat\/portal\/wp-content\/uploads\/Pla-dInclusi%C3%B3-versi%C3%B3_def.pdf\">Pla per a la Inclusi\u00f3 de l&#8217;Alt Empord\u00e0 2013-2016.<\/a><\/p>\n<p>Durant la darrera setmana del mes de novembre es varen reunir 3 dels <a href=\"https:\/\/inclusioaltemporda.cat\/portal\/la-taula-per-a-la-inclusio-de-lalt-emporda-defineix-les-priortitats-de-treball-del-curs\/\">grups de treball creats per a treballar les accions <\/a>responsabilitat de la Taula, incloses dins el Pla per a la Inclusi\u00f3. El primer grup de treball est\u00e0 abordant la definici\u00f3 i posada en funcionament d&#8217;un espai web que reculli informaci\u00f3 de les entitats que participen a la Taula per a la Inclusi\u00f3 de l&#8217;Alt Empord\u00e0, i dels projectes que treballen amb voluntariat m\u00e9s destacats. Est\u00e0 previst que aquesta sigui activa a finals del mes de mar\u00e7 vinent. Un segon grup de treball est\u00e0 preparant una Jornada comarcal del Voluntariat social, que\u00a0 inclour\u00e0 una sessi\u00f3 t\u00e8cnica de treball amb professionals i voluntaris d&#8217;entitats, i activitats l\u00fadiques adre\u00e7ades a diferents col\u00b7lectius de poblaci\u00f3 per tal de sensibilitzar sobre la import\u00e0ncia del voluntariat. El tercer grup de treball, esta dissenyant una recerca per aprofundir en el coneixement de les necessitats sociosanit\u00e0ries i l&#8217;oferta de serveis existents actualment a la comarca, per tal de millorar la prevenci\u00f3 i la detecci\u00f3 de persones en situaci\u00f3 social vulnerable que requereixen recursos sociosanitaris.<\/p>\n<p>Els assistents a la sessi\u00f3 de la Taula varen validar el treball fet en el s\u00ed dels grups de treball, i es varen empla\u00e7ar a continuar-hi treballant per tal d&#8217;assolir les accions durant el primer semestre de l&#8217;any 2014.<\/p>\n<\/div>\n","protected":false},"excerpt":{"rendered":"<p>La Taula per a la Inclusi\u00f3 i la Cohesi\u00f3 social de l&#8217;Alt Empord\u00e0 ha celebrat aquesta setmana la darrera reuni\u00f3 plen\u00e0ria de l&#8217;any, que ha servit per avan\u00e7ar en la&hellip;<\/p>\n","protected":false},"author":2,"featured_media":1830,"comment_status":"closed","ping_status":"closed","sticky":false,"template":"","format":"standard","meta":{"footnotes":""},"categories":[106,33,100,101,104,108,12,11],"tags":[27,52,24,17],"class_list":["post-2851","post","type-post","status-publish","format-standard","has-post-thumbnail","hentry","category-administracions","category-agenda","category-area-benestar","category-ciutadania","category-entitats-socials","category-mitjans-comunicacio","category-pla-dinclusio-2","category-taula-inclusio","tag-benestar-ccae","tag-entitats-de-la-taula","tag-inclusio-social","tag-taula","category-106","category-33","category-100","category-101","category-104","category-108","category-12","category-11","description-off"],"_links":{"self":[{"href":"https:\/\/inclusioaltemporda.cat\/portal\/wp-json\/wp\/v2\/posts\/2851","targetHints":{"allow":["GET"]}}],"collection":[{"href":"https:\/\/inclusioaltemporda.cat\/portal\/wp-json\/wp\/v2\/posts"}],"about":[{"href":"https:\/\/inclusioaltemporda.cat\/portal\/wp-json\/wp\/v2\/types\/post"}],"author":[{"embeddable":true,"href":"https:\/\/inclusioaltemporda.cat\/portal\/wp-json\/wp\/v2\/users\/2"}],"replies":[{"embeddable":true,"href":"https:\/\/inclusioaltemporda.cat\/portal\/wp-json\/wp\/v2\/comments?post=2851"}],"version-history":[{"count":2,"href":"https:\/\/inclusioaltemporda.cat\/portal\/wp-json\/wp\/v2\/posts\/2851\/revisions"}],"predecessor-version":[{"id":2853,"href":"https:\/\/inclusioaltemporda.cat\/portal\/wp-json\/wp\/v2\/posts\/2851\/revisions\/2853"}],"wp:featuredmedia":[{"embeddable":true,"href":"https:\/\/inclusioaltemporda.cat\/portal\/wp-json\/wp\/v2\/media\/1830"}],"wp:attachment":[{"href":"https:\/\/inclusioaltemporda.cat\/portal\/wp-json\/wp\/v2\/media?parent=2851"}],"wp:term":[{"taxonomy":"category","embeddable":true,"href":"https:\/\/inclusioaltemporda.cat\/portal\/wp-json\/wp\/v2\/categories?post=2851"},{"taxonomy":"post_tag","embeddable":true,"href":"https:\/\/inclusioaltemporda.cat\/portal\/wp-json\/wp\/v2\/tags?post=2851"}],"curies":[{"name":"wp","href":"https:\/\/api.w.org\/{rel}","templated":true}]}}