{"id":2855,"date":"2013-12-17T09:37:01","date_gmt":"2013-12-17T08:37:01","guid":{"rendered":"https:\/\/inclusioaltemporda.cat\/portal\/?p=2855"},"modified":"2016-02-01T09:23:47","modified_gmt":"2016-02-01T08:23:47","slug":"finalitzen-les-sessions-de-tardor-dels-tallers-de-catala-i-els-tallers-dalfabetitzacio-digital-per-a-poblacio-nouvinguda","status":"publish","type":"post","link":"https:\/\/inclusioaltemporda.cat\/portal\/finalitzen-les-sessions-de-tardor-dels-tallers-de-catala-i-els-tallers-dalfabetitzacio-digital-per-a-poblacio-nouvinguda\/","title":{"rendered":"Finalitzen les sessions de tardor dels tallers de catal\u00e0 i els tallers d&#8217;alfabetitzaci\u00f3 digital per a poblaci\u00f3 nouvinguda"},"content":{"rendered":"<p>Aquesta setmana finalitzaran les sessions de tardor dels tallers de catal\u00e0 i els tallers d&#8217;alfabetitzaci\u00f3 digital adre\u00e7ats a la poblaci\u00f3 nouvinguda de la comarca, que organitza el Pla Territorial de Ciutadania i Immigraci\u00f3 de l&#8217;\u00e0rea de Benestar del Consell Comarcal.<\/p>\n<p>Al llarg dels mesos d&#8217;octubre, novembre i desembre, 61 persones han participat en els 6 tallers d&#8217;alfabetitzaci\u00f3 digital d&#8217;una durada de 25 hores que s&#8217;han realitzat als municipis de Llan\u00e7\u00e0, La Jonquera, Castell\u00f3 d&#8217;Emp\u00faries, Vilaju\u00efga i Sant Pere Pescador.<\/p>\n<p>Aix\u00ed mateix, 65 persones han assistit als grups de conversa en catal\u00e0 d&#8217;una durada de 45 hores que s&#8217;han dut a terme a les poblacions de Garriguella, La Jonquera, Sant Pere Pescador, Llan\u00e7\u00e0 i Castell\u00f3 d&#8217;Emp\u00faries.<\/p>\n<p>Aquests tallers es duen a terme amb el suport del Ministeri de Treball i Seguretat Social i del Fons Europeu per a la Integraci\u00f3, amb la col\u00b7laboraci\u00f3 dels ajuntaments de la comarca que els acullen.<\/p>\n","protected":false},"excerpt":{"rendered":"<p>Aquesta setmana finalitzaran les sessions de tardor dels tallers de catal\u00e0 i els tallers d&#8217;alfabetitzaci\u00f3 digital adre\u00e7ats a la poblaci\u00f3 nouvinguda de la comarca, que organitza el Pla Territorial de&hellip;<\/p>\n","protected":false},"author":3,"featured_media":2858,"comment_status":"closed","ping_status":"closed","sticky":false,"template":"","format":"standard","meta":{"footnotes":""},"categories":[106,100,101,104,108],"tags":[27,24,62],"class_list":["post-2855","post","type-post","status-publish","format-standard","has-post-thumbnail","hentry","category-administracions","category-area-benestar","category-ciutadania","category-entitats-socials","category-mitjans-comunicacio","tag-benestar-ccae","tag-inclusio-social","tag-pla-ciutadania-i-immigracio","category-106","category-100","category-101","category-104","category-108","description-off"],"_links":{"self":[{"href":"https:\/\/inclusioaltemporda.cat\/portal\/wp-json\/wp\/v2\/posts\/2855","targetHints":{"allow":["GET"]}}],"collection":[{"href":"https:\/\/inclusioaltemporda.cat\/portal\/wp-json\/wp\/v2\/posts"}],"about":[{"href":"https:\/\/inclusioaltemporda.cat\/portal\/wp-json\/wp\/v2\/types\/post"}],"author":[{"embeddable":true,"href":"https:\/\/inclusioaltemporda.cat\/portal\/wp-json\/wp\/v2\/users\/3"}],"replies":[{"embeddable":true,"href":"https:\/\/inclusioaltemporda.cat\/portal\/wp-json\/wp\/v2\/comments?post=2855"}],"version-history":[{"count":3,"href":"https:\/\/inclusioaltemporda.cat\/portal\/wp-json\/wp\/v2\/posts\/2855\/revisions"}],"predecessor-version":[{"id":2860,"href":"https:\/\/inclusioaltemporda.cat\/portal\/wp-json\/wp\/v2\/posts\/2855\/revisions\/2860"}],"wp:featuredmedia":[{"embeddable":true,"href":"https:\/\/inclusioaltemporda.cat\/portal\/wp-json\/wp\/v2\/media\/2858"}],"wp:attachment":[{"href":"https:\/\/inclusioaltemporda.cat\/portal\/wp-json\/wp\/v2\/media?parent=2855"}],"wp:term":[{"taxonomy":"category","embeddable":true,"href":"https:\/\/inclusioaltemporda.cat\/portal\/wp-json\/wp\/v2\/categories?post=2855"},{"taxonomy":"post_tag","embeddable":true,"href":"https:\/\/inclusioaltemporda.cat\/portal\/wp-json\/wp\/v2\/tags?post=2855"}],"curies":[{"name":"wp","href":"https:\/\/api.w.org\/{rel}","templated":true}]}}