{"id":2861,"date":"2013-12-18T09:36:19","date_gmt":"2013-12-18T08:36:19","guid":{"rendered":"https:\/\/inclusioaltemporda.cat\/portal\/?p=2861"},"modified":"2016-02-01T09:23:47","modified_gmt":"2016-02-01T08:23:47","slug":"jornada-anual-de-professionals-de-larea-de-benestar","status":"publish","type":"post","link":"https:\/\/inclusioaltemporda.cat\/portal\/jornada-anual-de-professionals-de-larea-de-benestar\/","title":{"rendered":"Jornada anual de professionals de l&#8217;\u00c0rea de Benestar"},"content":{"rendered":"<p>Al llarg d&#8217;aquest mat\u00ed tindr\u00e0 lloc la Jornada anual de professionals de l&#8217;\u00c0rea de Benestar del Consell Comarcal de l&#8217;Alt Empord\u00e0.<\/p>\n<p>Aquesta jornada de treball t\u00e9 com a finalitat esdevenir un espai de trobada on cada any intercanviar experi\u00e8ncies d&#8217;intervenci\u00f3 entre professionals i presentar les prioritats de l&#8217;any 2014.<\/p>\n<p>El conseller de l&#8217;\u00e0rea de Benestar, Josep Llu\u00eds Y\u00e9cora, i el gerent del Consell Comarcal, Josep M. Merc\u00e8, obriran la jornada i donaran pas a la directoria t\u00e8cnica de l&#8217;\u00e0rea de Benestar, Rosa Guix\u00e9, qui presentar\u00e0 els projectes m\u00e9s rellevants en curs a la comarca i els eixos de treball prioritaris per a l&#8217;any 2014.<\/p>\n<p>Els equips de Serveis B\u00e0sics d&#8217;Atenci\u00f3 Prim\u00e0ria, de Ciutadania i Immigraci\u00f3, d&#8217;Inclusi\u00f3 Social i d&#8217;Inf\u00e0ncia i de Fam\u00edlia i Adolesc\u00e8ncia exposaran les prioritats per al proper any i les intervencions m\u00e9s destacades.<\/p>\n<p>La jornada es clour\u00e0 amb la presentaci\u00f3 de 5 bones pr\u00e0ctiques dutes a terme per equips d&#8217;intervenci\u00f3 directa en diferents municipis de la comarca i amb el lliurament al Premi a la millor Bona Pr\u00e0ctica 2013.<\/p>\n","protected":false},"excerpt":{"rendered":"<p>Al llarg d&#8217;aquest mat\u00ed tindr\u00e0 lloc la Jornada anual de professionals de l&#8217;\u00c0rea de Benestar del Consell Comarcal de l&#8217;Alt Empord\u00e0. Aquesta jornada de treball t\u00e9 com a finalitat esdevenir&hellip;<\/p>\n","protected":false},"author":3,"featured_media":2867,"comment_status":"closed","ping_status":"closed","sticky":false,"template":"","format":"standard","meta":{"footnotes":""},"categories":[106,33,100,101,108,102],"tags":[34,27],"class_list":["post-2861","post","type-post","status-publish","format-standard","has-post-thumbnail","hentry","category-administracions","category-agenda","category-area-benestar","category-ciutadania","category-mitjans-comunicacio","category-professionals-ambit-social","tag-aula-professionals","tag-benestar-ccae","category-106","category-33","category-100","category-101","category-108","category-102","description-off"],"_links":{"self":[{"href":"https:\/\/inclusioaltemporda.cat\/portal\/wp-json\/wp\/v2\/posts\/2861","targetHints":{"allow":["GET"]}}],"collection":[{"href":"https:\/\/inclusioaltemporda.cat\/portal\/wp-json\/wp\/v2\/posts"}],"about":[{"href":"https:\/\/inclusioaltemporda.cat\/portal\/wp-json\/wp\/v2\/types\/post"}],"author":[{"embeddable":true,"href":"https:\/\/inclusioaltemporda.cat\/portal\/wp-json\/wp\/v2\/users\/3"}],"replies":[{"embeddable":true,"href":"https:\/\/inclusioaltemporda.cat\/portal\/wp-json\/wp\/v2\/comments?post=2861"}],"version-history":[{"count":3,"href":"https:\/\/inclusioaltemporda.cat\/portal\/wp-json\/wp\/v2\/posts\/2861\/revisions"}],"predecessor-version":[{"id":2866,"href":"https:\/\/inclusioaltemporda.cat\/portal\/wp-json\/wp\/v2\/posts\/2861\/revisions\/2866"}],"wp:featuredmedia":[{"embeddable":true,"href":"https:\/\/inclusioaltemporda.cat\/portal\/wp-json\/wp\/v2\/media\/2867"}],"wp:attachment":[{"href":"https:\/\/inclusioaltemporda.cat\/portal\/wp-json\/wp\/v2\/media?parent=2861"}],"wp:term":[{"taxonomy":"category","embeddable":true,"href":"https:\/\/inclusioaltemporda.cat\/portal\/wp-json\/wp\/v2\/categories?post=2861"},{"taxonomy":"post_tag","embeddable":true,"href":"https:\/\/inclusioaltemporda.cat\/portal\/wp-json\/wp\/v2\/tags?post=2861"}],"curies":[{"name":"wp","href":"https:\/\/api.w.org\/{rel}","templated":true}]}}