{"id":2869,"date":"2013-12-20T08:40:38","date_gmt":"2013-12-20T07:40:38","guid":{"rendered":"https:\/\/inclusioaltemporda.cat\/portal\/?p=2869"},"modified":"2016-02-01T09:23:47","modified_gmt":"2016-02-01T08:23:47","slug":"bon-nadal-i-felic-2014","status":"publish","type":"post","link":"https:\/\/inclusioaltemporda.cat\/portal\/bon-nadal-i-felic-2014\/","title":{"rendered":"Bon Nadal i Feli\u00e7 2014 !"},"content":{"rendered":"<p>L&#8217;equip de l&#8217;\u00e0rea de Benestar del Consell Comarcal de l&#8217;Alt Empord\u00e0 us desitja un Bon Nadal i un Feli\u00e7 2014.<\/p>\n<p>Compartim amb vosaltres un fragment d&#8217;un poema de l&#8217;escriptora Montserrat Vayreda que podeu trobar en el recull <em>Pessebre Endins<\/em>, editat l&#8217;any 2004 per l&#8217;Institut d&#8217;Estudis Empordanesos i l&#8217;Ajuntament de Figueres.<\/p>\n<p style=\"text-align: center;\"><strong>El meu pessebre<\/strong><\/p>\n<p style=\"text-align: center;\">He fet un pessebre<\/p>\n<p style=\"text-align: center;\">que sento molt meu,<\/p>\n<p style=\"text-align: center;\">l&#8217;he guarnit amb gebre<\/p>\n<p style=\"text-align: center;\">tous de molsa i neu.<\/p>\n<p style=\"text-align: center;\">Per neu, la farina<\/p>\n<p style=\"text-align: center;\">que d\u00f3na el bon blat,<\/p>\n<p style=\"text-align: center;\">herba de la fina<\/p>\n<p style=\"text-align: center;\">per cada sembrat.<\/p>\n<p style=\"text-align: center;\">El riu s&#8217;esllavissa<\/p>\n<p style=\"text-align: center;\">pel paper d&#8217;estany,<\/p>\n<p style=\"text-align: center;\">formen la bardissa<\/p>\n<p style=\"text-align: center;\">gallerans de l&#8217;any.<\/p>\n<p style=\"text-align: center;\">D&#8217;escor\u00e7a surera<\/p>\n<p style=\"text-align: center;\">muntanyes al cel !<\/p>\n<p style=\"text-align: center;\">Damunt la cinglera<\/p>\n<p style=\"text-align: center;\">l&#8217;ull clar de l&#8217;estel.<\/p>\n<p style=\"text-align: center;\">Tinc quatre pastors<\/p>\n<p style=\"text-align: center;\">a prop les ovelles<\/p>\n<p style=\"text-align: center;\">que vigila un gos<\/p>\n<p style=\"text-align: center;\">abrivat d&#8217;ovelles.<\/p>\n<p style=\"text-align: center;\">Un pag\u00e8s amb tralla<\/p>\n<p style=\"text-align: center;\">que els bous fa llaurar<\/p>\n<p style=\"text-align: center;\">i un altre que dalla<\/p>\n<p style=\"text-align: center;\">l&#8217;herba del quintar.<\/p>\n<p style=\"text-align: center;\">La dona que cus,<\/p>\n<p style=\"text-align: center;\">la que renta a l&#8217;horta,<\/p>\n<p style=\"text-align: center;\">la que mou el fus<\/p>\n<p style=\"text-align: center;\">al peu de la porta.<\/p>\n<p style=\"text-align: center;\">I tres Reis amb patge<\/p>\n<p style=\"text-align: center;\">vestits de set\u00ed<\/p>\n<p style=\"text-align: center;\">que pel seu viatge<\/p>\n<p style=\"text-align: center;\">cerquen el cam\u00ed (&#8230;)<\/p>\n<p style=\"text-align: center;\">\n","protected":false},"excerpt":{"rendered":"<p>L&#8217;equip de l&#8217;\u00e0rea de Benestar del Consell Comarcal de l&#8217;Alt Empord\u00e0 us desitja un Bon Nadal i un Feli\u00e7 2014. Compartim amb vosaltres un fragment d&#8217;un poema de l&#8217;escriptora Montserrat&hellip;<\/p>\n","protected":false},"author":3,"featured_media":2870,"comment_status":"closed","ping_status":"closed","sticky":false,"template":"","format":"standard","meta":{"footnotes":""},"categories":[106,100,101],"tags":[24],"class_list":["post-2869","post","type-post","status-publish","format-standard","has-post-thumbnail","hentry","category-administracions","category-area-benestar","category-ciutadania","tag-inclusio-social","category-106","category-100","category-101","description-off"],"_links":{"self":[{"href":"https:\/\/inclusioaltemporda.cat\/portal\/wp-json\/wp\/v2\/posts\/2869","targetHints":{"allow":["GET"]}}],"collection":[{"href":"https:\/\/inclusioaltemporda.cat\/portal\/wp-json\/wp\/v2\/posts"}],"about":[{"href":"https:\/\/inclusioaltemporda.cat\/portal\/wp-json\/wp\/v2\/types\/post"}],"author":[{"embeddable":true,"href":"https:\/\/inclusioaltemporda.cat\/portal\/wp-json\/wp\/v2\/users\/3"}],"replies":[{"embeddable":true,"href":"https:\/\/inclusioaltemporda.cat\/portal\/wp-json\/wp\/v2\/comments?post=2869"}],"version-history":[{"count":6,"href":"https:\/\/inclusioaltemporda.cat\/portal\/wp-json\/wp\/v2\/posts\/2869\/revisions"}],"predecessor-version":[{"id":2876,"href":"https:\/\/inclusioaltemporda.cat\/portal\/wp-json\/wp\/v2\/posts\/2869\/revisions\/2876"}],"wp:featuredmedia":[{"embeddable":true,"href":"https:\/\/inclusioaltemporda.cat\/portal\/wp-json\/wp\/v2\/media\/2870"}],"wp:attachment":[{"href":"https:\/\/inclusioaltemporda.cat\/portal\/wp-json\/wp\/v2\/media?parent=2869"}],"wp:term":[{"taxonomy":"category","embeddable":true,"href":"https:\/\/inclusioaltemporda.cat\/portal\/wp-json\/wp\/v2\/categories?post=2869"},{"taxonomy":"post_tag","embeddable":true,"href":"https:\/\/inclusioaltemporda.cat\/portal\/wp-json\/wp\/v2\/tags?post=2869"}],"curies":[{"name":"wp","href":"https:\/\/api.w.org\/{rel}","templated":true}]}}