{"id":2878,"date":"2014-01-03T14:39:23","date_gmt":"2014-01-03T13:39:23","guid":{"rendered":"https:\/\/inclusioaltemporda.cat\/portal\/?p=2878"},"modified":"2016-02-01T09:23:47","modified_gmt":"2016-02-01T08:23:47","slug":"exit-de-la-campanya-de-recollida-de-joguines-per-a-reis-de-la-creu-roja","status":"publish","type":"post","link":"https:\/\/inclusioaltemporda.cat\/portal\/exit-de-la-campanya-de-recollida-de-joguines-per-a-reis-de-la-creu-roja\/","title":{"rendered":"\u00c8xit de la Campanya de recollida de joguines per a Reis de la Creu Roja"},"content":{"rendered":"<p>La propera nit de Reis tots els infants i adolescents de fam\u00edlies vulnerables de la comarca tindran joguines mitjan\u00e7ant la Campanya de Reis que organitza cada any la Creu Roja a la comarca.<\/p>\n<p>Enguany s&#8217;ha recollit un major nombre d&#8217;obsequis gr\u00e0cies a les aportacions desinteressades de molts ciutadans i ciutadanes de Figueres i dels pobles de la comarca.<\/p>\n<p>En les darreres setmanes, m\u00e9s de 50 voluntaris de la Creu Roja s&#8217;han fet c\u00e0rrec de la recollida d&#8217;aquestes joguines i de la seva classificaci\u00f3 per tal que la nit de Reis sigui una nit m\u00e0gica per a tothom.<\/p>\n<p>&nbsp;<\/p>\n<p>&nbsp;<\/p>\n","protected":false},"excerpt":{"rendered":"<p>La propera nit de Reis tots els infants i adolescents de fam\u00edlies vulnerables de la comarca tindran joguines mitjan\u00e7ant la Campanya de Reis que organitza cada any la Creu Roja&hellip;<\/p>\n","protected":false},"author":3,"featured_media":2879,"comment_status":"closed","ping_status":"closed","sticky":false,"template":"","format":"standard","meta":{"footnotes":""},"categories":[101,104,108,11],"tags":[24],"class_list":["post-2878","post","type-post","status-publish","format-standard","has-post-thumbnail","hentry","category-ciutadania","category-entitats-socials","category-mitjans-comunicacio","category-taula-inclusio","tag-inclusio-social","category-101","category-104","category-108","category-11","description-off"],"_links":{"self":[{"href":"https:\/\/inclusioaltemporda.cat\/portal\/wp-json\/wp\/v2\/posts\/2878","targetHints":{"allow":["GET"]}}],"collection":[{"href":"https:\/\/inclusioaltemporda.cat\/portal\/wp-json\/wp\/v2\/posts"}],"about":[{"href":"https:\/\/inclusioaltemporda.cat\/portal\/wp-json\/wp\/v2\/types\/post"}],"author":[{"embeddable":true,"href":"https:\/\/inclusioaltemporda.cat\/portal\/wp-json\/wp\/v2\/users\/3"}],"replies":[{"embeddable":true,"href":"https:\/\/inclusioaltemporda.cat\/portal\/wp-json\/wp\/v2\/comments?post=2878"}],"version-history":[{"count":3,"href":"https:\/\/inclusioaltemporda.cat\/portal\/wp-json\/wp\/v2\/posts\/2878\/revisions"}],"predecessor-version":[{"id":2882,"href":"https:\/\/inclusioaltemporda.cat\/portal\/wp-json\/wp\/v2\/posts\/2878\/revisions\/2882"}],"wp:featuredmedia":[{"embeddable":true,"href":"https:\/\/inclusioaltemporda.cat\/portal\/wp-json\/wp\/v2\/media\/2879"}],"wp:attachment":[{"href":"https:\/\/inclusioaltemporda.cat\/portal\/wp-json\/wp\/v2\/media?parent=2878"}],"wp:term":[{"taxonomy":"category","embeddable":true,"href":"https:\/\/inclusioaltemporda.cat\/portal\/wp-json\/wp\/v2\/categories?post=2878"},{"taxonomy":"post_tag","embeddable":true,"href":"https:\/\/inclusioaltemporda.cat\/portal\/wp-json\/wp\/v2\/tags?post=2878"}],"curies":[{"name":"wp","href":"https:\/\/api.w.org\/{rel}","templated":true}]}}